{"id":86472,"date":"1995-05-29T00:01:46","date_gmt":"1995-05-28T22:01:46","guid":{"rendered":"http:\/\/www.editiondaslabor.de\/blog\/?p=86472"},"modified":"2021-06-21T13:59:55","modified_gmt":"2021-06-21T11:59:55","slug":"deine-haende","status":"publish","type":"post","link":"http:\/\/www.editiondaslabor.de\/blog\/1995\/05\/29\/deine-haende\/","title":{"rendered":"Deine H\u00e4nde"},"content":{"rendered":"<p>&nbsp;<\/p>\n<p class=\"stext\">Ich f\u00fchle Deine H\u00e4nde im Haus,<\/p>\n<p class=\"stext\">Sie gehen wie Blut durch alle W\u00e4nde<\/p>\n<p class=\"stext\">Und teilen ihre W\u00e4rme aus.<\/p>\n<p>&nbsp;<\/p>\n<p class=\"stext\">Sie bereiten mitten im Alltagsl\u00e4rme<\/p>\n<p class=\"stext\">Mir t\u00e4glich einen Hochzeitsschmaus,<\/p>\n<p class=\"stext\">Verwandeln Sorgen in Singv\u00f6gelschw\u00e4rme.<\/p>\n<p>&nbsp;<\/p>\n<p class=\"stext\">Wie Sonnenstrahlen auf Erden wandeln<\/p>\n<p class=\"stext\">Und zaubern aus Staub einen Blumenstrau\u00df,<\/p>\n<p class=\"stext\">So m\u00fcssen sie immer feurig handeln.<\/p>\n<p>&nbsp;<\/p>\n<p class=\"stext\">Ich f\u00fchle Deine geliebten H\u00e4nde,<\/p>\n<p class=\"stext\">Sie geben ihren Puls dem Haus<\/p>\n<p class=\"stext\">Und gehen wie W\u00e4rme durch meine W\u00e4nde.<\/p>\n<p>&nbsp;<\/p>\n<p>&nbsp;<\/p>\n<p>&nbsp;<\/p>\n<div>\n<h4 style=\"text-align: justify\"><a href=\"http:\/\/www.editiondaslabor.de\/blog\/wp-content\/uploads\/2021\/06\/Max-Dauthendey.jpg\"><img loading=\"lazy\" decoding=\"async\" class=\"size-medium wp-image-86434 alignleft\" src=\"http:\/\/www.editiondaslabor.de\/blog\/wp-content\/uploads\/2021\/06\/Max-Dauthendey-224x300.jpg\" alt=\"\" width=\"224\" height=\"300\" srcset=\"http:\/\/www.editiondaslabor.de\/blog\/wp-content\/uploads\/2021\/06\/Max-Dauthendey-224x300.jpg 224w, http:\/\/www.editiondaslabor.de\/blog\/wp-content\/uploads\/2021\/06\/Max-Dauthendey-560x751.jpg 560w, http:\/\/www.editiondaslabor.de\/blog\/wp-content\/uploads\/2021\/06\/Max-Dauthendey-260x348.jpg 260w, http:\/\/www.editiondaslabor.de\/blog\/wp-content\/uploads\/2021\/06\/Max-Dauthendey-160x214.jpg 160w, http:\/\/www.editiondaslabor.de\/blog\/wp-content\/uploads\/2021\/06\/Max-Dauthendey.jpg 764w\" sizes=\"auto, (max-width: 224px) 100vw, 224px\" \/><\/a>Weiterf\u00fchrend \u2192<\/h4>\n<\/div>\n<div>\n<p style=\"text-align: justify\">Die von Farben und T\u00f6nen bestimmte ungebundene und rhythmische Lyrik machte Dauthendey zu einem der bedeutendsten Vertreter des Impressionismus in Deutschland. Seine Werke sind bestimmt von der Liebe zur Natur und deren \u00c4sthetik. Mit virtuoser Sprachbegabung setzte er seine Sensibilit\u00e4t f\u00fcr sinnenhafte Eindr\u00fccke in impressionistische Wortkunstwerke um. Bereits seine erste Gedichtsammlung von 1893 mit dem Titel \u201eUltra-Violett\u201c l\u00e4sst die Ans\u00e4tze einer impressionistischen Bildkraft erkennen, die dichterisch gestaltete Wahrnehmung von Farben, D\u00fcften, T\u00f6nen und Stimmungen offenbart. In seiner sp\u00e4teren Natur- und Liebenslyrik steigerte sich dies bis zur Verherrlichung des Sinnenhaften und Erotischen und traf sich mit seiner Philosophie, die das Leben und die Welt als Fest, als panpsychische \u201eWeltfestlichkeit\u201c begriff. Rilke bezeichnete ihn als einen \u201eunserer sinnlichsten Dichter, in einem fast \u00f6stlichen Begriffe\u201c.<\/p>\n<p style=\"text-align: justify\"><strong>\u2192<\/strong>\u00a0Poesie z\u00e4hlt f\u00fcr KUNO weiterhin zu den identit\u00e4ts- und identifikationstiftenden Elementen einer Kultur, dies bezeugte auch der Versuch einer <a href=\"http:\/\/www.editiondaslabor.de\/blog\/?p=25630\">poetologischen Positionsbestimmung<\/a>.<\/p>\n<\/div>\n","protected":false},"excerpt":{"rendered":"<p>&nbsp; Ich f\u00fchle Deine H\u00e4nde im Haus, Sie gehen wie Blut durch alle W\u00e4nde Und teilen ihre W\u00e4rme aus. &nbsp; Sie bereiten mitten im Alltagsl\u00e4rme Mir t\u00e4glich einen Hochzeitsschmaus, Verwandeln Sorgen in Singv\u00f6gelschw\u00e4rme. &nbsp; Wie Sonnenstrahlen auf Erden wandeln Und&hellip;<\/p>\n<p class=\"more-link-p\"><a class=\"more-link\" href=\"http:\/\/www.editiondaslabor.de\/blog\/1995\/05\/29\/deine-haende\/\">Read more &rarr;<\/a><\/p>\n","protected":false},"author":225,"featured_media":86434,"comment_status":"closed","ping_status":"closed","sticky":false,"template":"","format":"standard","meta":{"footnotes":""},"categories":[1],"tags":[3011],"class_list":["post-86472","post","type-post","status-publish","format-standard","has-post-thumbnail","hentry","category-literatur","tag-max-dauthendey"],"_links":{"self":[{"href":"http:\/\/www.editiondaslabor.de\/blog\/wp-json\/wp\/v2\/posts\/86472","targetHints":{"allow":["GET"]}}],"collection":[{"href":"http:\/\/www.editiondaslabor.de\/blog\/wp-json\/wp\/v2\/posts"}],"about":[{"href":"http:\/\/www.editiondaslabor.de\/blog\/wp-json\/wp\/v2\/types\/post"}],"author":[{"embeddable":true,"href":"http:\/\/www.editiondaslabor.de\/blog\/wp-json\/wp\/v2\/users\/225"}],"replies":[{"embeddable":true,"href":"http:\/\/www.editiondaslabor.de\/blog\/wp-json\/wp\/v2\/comments?post=86472"}],"version-history":[{"count":0,"href":"http:\/\/www.editiondaslabor.de\/blog\/wp-json\/wp\/v2\/posts\/86472\/revisions"}],"wp:featuredmedia":[{"embeddable":true,"href":"http:\/\/www.editiondaslabor.de\/blog\/wp-json\/"}],"wp:attachment":[{"href":"http:\/\/www.editiondaslabor.de\/blog\/wp-json\/wp\/v2\/media?parent=86472"}],"wp:term":[{"taxonomy":"category","embeddable":true,"href":"http:\/\/www.editiondaslabor.de\/blog\/wp-json\/wp\/v2\/categories?post=86472"},{"taxonomy":"post_tag","embeddable":true,"href":"http:\/\/www.editiondaslabor.de\/blog\/wp-json\/wp\/v2\/tags?post=86472"}],"curies":[{"name":"wp","href":"https:\/\/api.w.org\/{rel}","templated":true}]}}