{"id":86470,"date":"1995-04-29T00:01:01","date_gmt":"1995-04-28T22:01:01","guid":{"rendered":"http:\/\/www.editiondaslabor.de\/blog\/?p=86470"},"modified":"2021-06-21T13:57:33","modified_gmt":"2021-06-21T11:57:33","slug":"morgenroete","status":"publish","type":"post","link":"http:\/\/www.editiondaslabor.de\/blog\/1995\/04\/29\/morgenroete\/","title":{"rendered":"Morgenr\u00f6te"},"content":{"rendered":"<h1 class=\"sg12\"><\/h1>\n<p class=\"stext\">Geliebte,<\/p>\n<p class=\"stext\">Auf kupfernen Wegstreifen<\/p>\n<p class=\"stext\">Kam heute der Morgen gezogen.<\/p>\n<p class=\"stext\">Du sahst seine Pferde ausgreifen,<\/p>\n<p class=\"stext\">Die rot der Sonne vorflogen<\/p>\n<p class=\"stext\">Mit scharlachnen M\u00e4hnen und Schweifen.<\/p>\n<p>&nbsp;<\/p>\n<p class=\"stext\">Sie setzten in Brand die Br\u00fccke,<\/p>\n<p class=\"stext\">Haben Feuer auf Berge geschrieben.<\/p>\n<p class=\"stext\">Flu\u00dfwellen wie Fackeln hintrieben<\/p>\n<p class=\"stext\">Und Fenster wurden Goldst\u00fccke &#8211;<\/p>\n<p class=\"stext\">Da\u00df sich Deine Wimper entz\u00fccke,<\/p>\n<p class=\"stext\">Die Augen Dir gl\u00e4nzend blieben,<\/p>\n<p class=\"stext\">Und Dich noch fortr\u00fccke der Tag,<\/p>\n<p class=\"stext\">Wie es nur Nacht und Liebe vermag.<\/p>\n<p>&nbsp;<\/p>\n<p>&nbsp;<\/p>\n<p>&nbsp;<\/p>\n<div>\n<h4 style=\"text-align: justify\"><a href=\"http:\/\/www.editiondaslabor.de\/blog\/wp-content\/uploads\/2021\/06\/Max-Dauthendey.jpg\"><img loading=\"lazy\" decoding=\"async\" class=\"size-medium wp-image-86434 alignleft\" src=\"http:\/\/www.editiondaslabor.de\/blog\/wp-content\/uploads\/2021\/06\/Max-Dauthendey-224x300.jpg\" alt=\"\" width=\"224\" height=\"300\" srcset=\"http:\/\/www.editiondaslabor.de\/blog\/wp-content\/uploads\/2021\/06\/Max-Dauthendey-224x300.jpg 224w, http:\/\/www.editiondaslabor.de\/blog\/wp-content\/uploads\/2021\/06\/Max-Dauthendey-560x751.jpg 560w, http:\/\/www.editiondaslabor.de\/blog\/wp-content\/uploads\/2021\/06\/Max-Dauthendey-260x348.jpg 260w, http:\/\/www.editiondaslabor.de\/blog\/wp-content\/uploads\/2021\/06\/Max-Dauthendey-160x214.jpg 160w, http:\/\/www.editiondaslabor.de\/blog\/wp-content\/uploads\/2021\/06\/Max-Dauthendey.jpg 764w\" sizes=\"auto, (max-width: 224px) 100vw, 224px\" \/><\/a>Weiterf\u00fchrend \u2192<\/h4>\n<\/div>\n<div>\n<p style=\"text-align: justify\">Die von Farben und T\u00f6nen bestimmte ungebundene und rhythmische Lyrik machte Dauthendey zu einem der bedeutendsten Vertreter des Impressionismus in Deutschland. Seine Werke sind bestimmt von der Liebe zur Natur und deren \u00c4sthetik. Mit virtuoser Sprachbegabung setzte er seine Sensibilit\u00e4t f\u00fcr sinnenhafte Eindr\u00fccke in impressionistische Wortkunstwerke um. Bereits seine erste Gedichtsammlung von 1893 mit dem Titel \u201eUltra-Violett\u201c l\u00e4sst die Ans\u00e4tze einer impressionistischen Bildkraft erkennen, die dichterisch gestaltete Wahrnehmung von Farben, D\u00fcften, T\u00f6nen und Stimmungen offenbart. In seiner sp\u00e4teren Natur- und Liebenslyrik steigerte sich dies bis zur Verherrlichung des Sinnenhaften und Erotischen und traf sich mit seiner Philosophie, die das Leben und die Welt als Fest, als panpsychische \u201eWeltfestlichkeit\u201c begriff. Rilke bezeichnete ihn als einen \u201eunserer sinnlichsten Dichter, in einem fast \u00f6stlichen Begriffe\u201c.<\/p>\n<p style=\"text-align: justify\"><strong>\u2192<\/strong>\u00a0Poesie z\u00e4hlt f\u00fcr KUNO weiterhin zu den identit\u00e4ts- und identifikationstiftenden Elementen einer Kultur, dies bezeugte auch der Versuch einer <a href=\"http:\/\/www.editiondaslabor.de\/blog\/?p=25630\">poetologischen Positionsbestimmung<\/a>.<\/p>\n<\/div>\n","protected":false},"excerpt":{"rendered":"<p>Geliebte, Auf kupfernen Wegstreifen Kam heute der Morgen gezogen. Du sahst seine Pferde ausgreifen, Die rot der Sonne vorflogen Mit scharlachnen M\u00e4hnen und Schweifen. &nbsp; Sie setzten in Brand die Br\u00fccke, Haben Feuer auf Berge geschrieben. Flu\u00dfwellen wie Fackeln hintrieben&hellip;<\/p>\n<p class=\"more-link-p\"><a class=\"more-link\" href=\"http:\/\/www.editiondaslabor.de\/blog\/1995\/04\/29\/morgenroete\/\">Read more &rarr;<\/a><\/p>\n","protected":false},"author":225,"featured_media":86434,"comment_status":"closed","ping_status":"closed","sticky":false,"template":"","format":"standard","meta":{"footnotes":""},"categories":[1],"tags":[3011],"class_list":["post-86470","post","type-post","status-publish","format-standard","has-post-thumbnail","hentry","category-literatur","tag-max-dauthendey"],"_links":{"self":[{"href":"http:\/\/www.editiondaslabor.de\/blog\/wp-json\/wp\/v2\/posts\/86470","targetHints":{"allow":["GET"]}}],"collection":[{"href":"http:\/\/www.editiondaslabor.de\/blog\/wp-json\/wp\/v2\/posts"}],"about":[{"href":"http:\/\/www.editiondaslabor.de\/blog\/wp-json\/wp\/v2\/types\/post"}],"author":[{"embeddable":true,"href":"http:\/\/www.editiondaslabor.de\/blog\/wp-json\/wp\/v2\/users\/225"}],"replies":[{"embeddable":true,"href":"http:\/\/www.editiondaslabor.de\/blog\/wp-json\/wp\/v2\/comments?post=86470"}],"version-history":[{"count":0,"href":"http:\/\/www.editiondaslabor.de\/blog\/wp-json\/wp\/v2\/posts\/86470\/revisions"}],"wp:featuredmedia":[{"embeddable":true,"href":"http:\/\/www.editiondaslabor.de\/blog\/wp-json\/"}],"wp:attachment":[{"href":"http:\/\/www.editiondaslabor.de\/blog\/wp-json\/wp\/v2\/media?parent=86470"}],"wp:term":[{"taxonomy":"category","embeddable":true,"href":"http:\/\/www.editiondaslabor.de\/blog\/wp-json\/wp\/v2\/categories?post=86470"},{"taxonomy":"post_tag","embeddable":true,"href":"http:\/\/www.editiondaslabor.de\/blog\/wp-json\/wp\/v2\/tags?post=86470"}],"curies":[{"name":"wp","href":"https:\/\/api.w.org\/{rel}","templated":true}]}}