{"id":86460,"date":"1995-01-30T00:01:28","date_gmt":"1995-01-29T23:01:28","guid":{"rendered":"http:\/\/www.editiondaslabor.de\/blog\/?p=86460"},"modified":"2021-08-30T05:15:03","modified_gmt":"2021-08-30T03:15:03","slug":"sieben-gespenster-und-die-zeit","status":"publish","type":"post","link":"http:\/\/www.editiondaslabor.de\/blog\/1995\/01\/30\/sieben-gespenster-und-die-zeit\/","title":{"rendered":"Sieben Gespenster und die Zeit"},"content":{"rendered":"<div>\n<h1><\/h1>\n<\/div>\n<div>\n<p class=\"stext\">Es gehen die Uhren ihren Weg ohne Spuren.<\/p>\n<p class=\"stext\">Da hocken sie oben in ihren T\u00fcrmen bei Sonne und St\u00fcrmen<\/p>\n<p class=\"stext\">Und kauen immer die Stundenbrocken,<\/p>\n<p class=\"stext\">Und haben immer bis Mitternacht<\/p>\n<p class=\"stext\">Und nicht weiter den Weg gemacht.<\/p>\n<p class=\"stext\">Sie haben die Zeit dort oben<\/p>\n<p class=\"stext\">Um keine Spanne verschoben,<\/p>\n<p class=\"stext\">Sie wollen nur t\u00e4glich die Stunde erreichen,<\/p>\n<p class=\"stext\">Wo \u00fcber die Wege die Eulen streichen.<\/p>\n<p>&nbsp;<\/p>\n<p class=\"stext\">Seit hundert Jahren geht auf R\u00e4dern ein Karren<\/p>\n<p class=\"stext\">Auf der Landstra\u00dfe abends, einf\u00f6rmig mit Knarren.<\/p>\n<p class=\"stext\">Den Einsamen triffst Du in allen L\u00e4ndern,<\/p>\n<p class=\"stext\">Nie wird er den knarrenden Gang ver\u00e4ndern.<\/p>\n<p class=\"stext\">Der Karren ist niemandes Gut noch Habe,<\/p>\n<p class=\"stext\">Er f\u00e4hrt am Abend die Zeit zu Grabe.<\/p>\n<p>&nbsp;<\/p>\n<p class=\"stext\">Auch hallt tagt\u00e4glich im Wald ein Beil,<\/p>\n<p class=\"stext\">Du h\u00f6rst es, und wirst Du auch Hundert alt,<\/p>\n<p class=\"stext\">Beilschlag um Beilschlag kurz aufschallt,<\/p>\n<p class=\"stext\">Doch stehen die W\u00e4lder stets grad und heil.<\/p>\n<p class=\"stext\">Das Beil aber gellt, als ob es Schicksale f\u00e4llt, &#8211;<\/p>\n<p class=\"stext\">Tief im Wald hat die Zeit ihr Schafott aufgestellt.<\/p>\n<p class=\"stext\">In den Gassen um Mitternacht st\u00f6hnt oft ein Hund.<\/p>\n<p class=\"stext\">Der \u00f6ffnet wie&#8217;s Grab seinen jammernden Schlund.<\/p>\n<p class=\"stext\">Und fallen beim sinkenden Mond Eulen herab in die Stra\u00df&#8216;,<\/p>\n<p class=\"stext\">H\u00f6rst Du ihn heulen, ihn, der die Schmerzen der Zeit in sich fra\u00df.<\/p>\n<p>&nbsp;<\/p>\n<p class=\"stext\">Auch ist in den Mauern um Mitternacht<\/p>\n<p class=\"stext\">Ein helles Fenster, das immer wacht,<\/p>\n<p class=\"stext\">Das geheime Zeichen ins Dunkel macht.<\/p>\n<p class=\"stext\">Und selbst die Zeit mu\u00df davor entweichen,<\/p>\n<p class=\"stext\">Wo mit langem Docht eine Kerze weht,<\/p>\n<p class=\"stext\">Bei Gedanken, die nie zu End gedacht.<\/p>\n<p>&nbsp;<\/p>\n<p class=\"stext\">Und ist ein dunkles Fenster daneben,<\/p>\n<p class=\"stext\">Wo die Nacht auch am Tag nie mehr vergeht;<\/p>\n<p class=\"stext\">Wo die Scheiben verfinstert als Abgrund leben,<\/p>\n<p class=\"stext\">Und wo jede Stunde als Blinde steht.<\/p>\n<p>&nbsp;<\/p>\n<p class=\"stext\">Und Du findest auf j\u00fcngstem Haupt, in jedem Jahr,<\/p>\n<p class=\"stext\">Ein einzelnes totes, schneewei\u00dfes Haar;<\/p>\n<p class=\"stext\">Stets geht ein Gedanke voraus der Zeit,<\/p>\n<p class=\"stext\">Stets an einem Haar h\u00e4lt Dich die Ewigkeit.<\/p>\n<p>&nbsp;<\/p>\n<p class=\"stext\">Und alle, das helle und dunkle Fenster,<\/p>\n<p class=\"stext\">Die Uhren, der Karren, Beil, Hund und Haar,<\/p>\n<p class=\"stext\">Sie verfolgen den Menschen als sieben Gespenster<\/p>\n<p class=\"stext\">Und leben wie Jahreszeiten im Jahr.<\/p>\n<\/div>\n<p>&nbsp;<\/p>\n<p>&nbsp;<\/p>\n<p>&nbsp;<\/p>\n<p>&nbsp;<\/p>\n<div>\n<h4 style=\"text-align: justify;\"><a href=\"http:\/\/www.editiondaslabor.de\/blog\/wp-content\/uploads\/2021\/06\/Max-Dauthendey.jpg\"><img loading=\"lazy\" decoding=\"async\" class=\"size-medium wp-image-86434 alignleft\" src=\"http:\/\/www.editiondaslabor.de\/blog\/wp-content\/uploads\/2021\/06\/Max-Dauthendey-224x300.jpg\" alt=\"\" width=\"224\" height=\"300\" srcset=\"http:\/\/www.editiondaslabor.de\/blog\/wp-content\/uploads\/2021\/06\/Max-Dauthendey-224x300.jpg 224w, http:\/\/www.editiondaslabor.de\/blog\/wp-content\/uploads\/2021\/06\/Max-Dauthendey-560x751.jpg 560w, http:\/\/www.editiondaslabor.de\/blog\/wp-content\/uploads\/2021\/06\/Max-Dauthendey-260x348.jpg 260w, http:\/\/www.editiondaslabor.de\/blog\/wp-content\/uploads\/2021\/06\/Max-Dauthendey-160x214.jpg 160w, http:\/\/www.editiondaslabor.de\/blog\/wp-content\/uploads\/2021\/06\/Max-Dauthendey.jpg 764w\" sizes=\"auto, (max-width: 224px) 100vw, 224px\" \/><\/a>Weiterf\u00fchrend \u2192<\/h4>\n<\/div>\n<div>\n<p style=\"text-align: justify;\">Die von Farben und T\u00f6nen bestimmte ungebundene und rhythmische Lyrik machte Dauthendey zu einem der bedeutendsten Vertreter des Impressionismus in Deutschland. Seine Werke sind bestimmt von der Liebe zur Natur und deren \u00c4sthetik. Mit virtuoser Sprachbegabung setzte er seine Sensibilit\u00e4t f\u00fcr sinnenhafte Eindr\u00fccke in impressionistische Wortkunstwerke um. Bereits seine erste Gedichtsammlung von 1893 mit dem Titel \u201eUltra-Violett\u201c l\u00e4sst die Ans\u00e4tze einer impressionistischen Bildkraft erkennen, die dichterisch gestaltete Wahrnehmung von Farben, D\u00fcften, T\u00f6nen und Stimmungen offenbart. In seiner sp\u00e4teren Natur- und Liebenslyrik steigerte sich dies bis zur Verherrlichung des Sinnenhaften und Erotischen und traf sich mit seiner Philosophie, die das Leben und die Welt als Fest, als panpsychische \u201eWeltfestlichkeit\u201c begriff. Rilke bezeichnete ihn als einen \u201eunserer sinnlichsten Dichter, in einem fast \u00f6stlichen Begriffe\u201c.<\/p>\n<p style=\"text-align: justify;\"><strong>\u2192<\/strong>\u00a0Poesie z\u00e4hlt f\u00fcr KUNO weiterhin zu den identit\u00e4ts- und identifikationstiftenden Elementen einer Kultur, dies bezeugte auch der Versuch einer <a href=\"http:\/\/www.editiondaslabor.de\/blog\/?p=25630\">poetologischen Positionsbestimmung<\/a>.<\/p>\n<\/div>\n","protected":false},"excerpt":{"rendered":"<p>Es gehen die Uhren ihren Weg ohne Spuren. Da hocken sie oben in ihren T\u00fcrmen bei Sonne und St\u00fcrmen Und kauen immer die Stundenbrocken, Und haben immer bis Mitternacht Und nicht weiter den Weg gemacht. Sie haben die Zeit dort&hellip;<\/p>\n<p class=\"more-link-p\"><a class=\"more-link\" href=\"http:\/\/www.editiondaslabor.de\/blog\/1995\/01\/30\/sieben-gespenster-und-die-zeit\/\">Read more &rarr;<\/a><\/p>\n","protected":false},"author":225,"featured_media":86434,"comment_status":"closed","ping_status":"closed","sticky":false,"template":"","format":"standard","meta":{"footnotes":""},"categories":[1],"tags":[3011],"class_list":["post-86460","post","type-post","status-publish","format-standard","has-post-thumbnail","hentry","category-literatur","tag-max-dauthendey"],"_links":{"self":[{"href":"http:\/\/www.editiondaslabor.de\/blog\/wp-json\/wp\/v2\/posts\/86460","targetHints":{"allow":["GET"]}}],"collection":[{"href":"http:\/\/www.editiondaslabor.de\/blog\/wp-json\/wp\/v2\/posts"}],"about":[{"href":"http:\/\/www.editiondaslabor.de\/blog\/wp-json\/wp\/v2\/types\/post"}],"author":[{"embeddable":true,"href":"http:\/\/www.editiondaslabor.de\/blog\/wp-json\/wp\/v2\/users\/225"}],"replies":[{"embeddable":true,"href":"http:\/\/www.editiondaslabor.de\/blog\/wp-json\/wp\/v2\/comments?post=86460"}],"version-history":[{"count":0,"href":"http:\/\/www.editiondaslabor.de\/blog\/wp-json\/wp\/v2\/posts\/86460\/revisions"}],"wp:featuredmedia":[{"embeddable":true,"href":"http:\/\/www.editiondaslabor.de\/blog\/wp-json\/"}],"wp:attachment":[{"href":"http:\/\/www.editiondaslabor.de\/blog\/wp-json\/wp\/v2\/media?parent=86460"}],"wp:term":[{"taxonomy":"category","embeddable":true,"href":"http:\/\/www.editiondaslabor.de\/blog\/wp-json\/wp\/v2\/categories?post=86460"},{"taxonomy":"post_tag","embeddable":true,"href":"http:\/\/www.editiondaslabor.de\/blog\/wp-json\/wp\/v2\/tags?post=86460"}],"curies":[{"name":"wp","href":"https:\/\/api.w.org\/{rel}","templated":true}]}}