{"id":86400,"date":"2005-04-06T00:01:19","date_gmt":"2005-04-05T22:01:19","guid":{"rendered":"http:\/\/www.editiondaslabor.de\/blog\/?p=86400"},"modified":"2022-02-18T16:42:21","modified_gmt":"2022-02-18T15:42:21","slug":"dies-irae","status":"publish","type":"post","link":"http:\/\/www.editiondaslabor.de\/blog\/2005\/04\/06\/dies-irae\/","title":{"rendered":"DIES IRAE"},"content":{"rendered":"<p>&nbsp;<\/p>\n<p>Der H\u00f6lle Rachen fauchte Gift und Unrat aus<\/p>\n<p>und lie\u00df die Welt in Urschlamm und in Blut ersaufen,<\/p>\n<p>und Feuerbrand und Eisensplittergraus<\/p>\n<p>schuf aus der Menschheit St\u00e4tten \u00f6de Tr\u00fcmmerhaufen.<\/p>\n<p>Was Teufelst\u00fccke unterm Gottesfluch erdacht,<\/p>\n<p>ward Menschenwerk, ward W\u00fcrfelgut und Ware,<\/p>\n<p>ward Antrieb, Vorwand, Mittel, Wahn der Macht,<\/p>\n<p>ward Mordgeist, Heldenruhm, Sieg und Fanfare.<\/p>\n<p>Entstellte Kr\u00fcppel, unbegrabenes Menschenaas.<\/p>\n<p>Wo W\u00e4lder, St\u00e4dte standen, trostloses Ger\u00f6lle.<\/p>\n<p>Der Weiber Gl\u00fcck und Hoffnung gieriger Kr\u00e4hen Fra\u00df.<\/p>\n<p>Mars Triumphator auf dem blutigen Thron der H\u00f6lle&#8230;<\/p>\n<p>Empor, betrogene Menschheit, aus dem schmutzigen Pfuhl!<\/p>\n<p>Der Freiheitswille dr\u00e4ngt hervor aus Knechtsgewimmel.<\/p>\n<p>Schon unterm blutigen Baldachine schwankt der Stuhl<\/p>\n<p>der Weltbeherrscher. \u2013 H\u00f6llengeister, scheut den Himmel!&#8230;<\/p>\n<p>Der Himmel! Seine ersten Blitze funkeln schon,<\/p>\n<p>und Himmelsahnen rei\u00dft die Welt in Abenteuer.<\/p>\n<p>Freiheit aus H\u00f6llenqual! \u2013 Empor, Revolution!!<\/p>\n<p>Wer auf zum Himmel will, f\u00fcrcht&#8216; nicht das Fegefeuer!<\/p>\n<p>&nbsp;<\/p>\n<p>&nbsp;<\/p>\n<p>&nbsp;<\/p>\n<p style=\"text-align: center;\">***<\/p>\n<p style=\"text-align: justify;\"><strong><img loading=\"lazy\" decoding=\"async\" class=\"alignleft size-full wp-image-98331\" src=\"http:\/\/www.editiondaslabor.de\/blog\/wp-content\/uploads\/2022\/02\/ErichMu\u0308hsam.jpg\" alt=\"\" width=\"239\" height=\"256\" srcset=\"http:\/\/www.editiondaslabor.de\/blog\/wp-content\/uploads\/2022\/02\/ErichMu\u0308hsam.jpg 239w, http:\/\/www.editiondaslabor.de\/blog\/wp-content\/uploads\/2022\/02\/ErichMu\u0308hsam-160x171.jpg 160w\" sizes=\"auto, (max-width: 239px) 100vw, 239px\" \/>Weiterf\u00fchrend \u2192<\/strong>\u00a0Poesie z\u00e4hlt f\u00fcr KUNO weiterhin zu den identit\u00e4ts- und identifikationstiftenden Elementen einer Kultur, dies bezeugte auch der Versuch einer <a href=\"http:\/\/www.editiondaslabor.de\/blog\/?p=25630\">poetologischen Positionsbestimmung<\/a>.<\/p>\n<p style=\"text-align: justify;\">Weitere Informationen \u00fcber Erich M\u00fchsam finden Sie <a href=\"http:\/\/www.muehsam.de\/appl\/index.php\">hier<\/a>.<\/p>\n<p class=\"hide-if-no-js\" style=\"text-align: justify;\">\n","protected":false},"excerpt":{"rendered":"<p>&nbsp; Der H\u00f6lle Rachen fauchte Gift und Unrat aus und lie\u00df die Welt in Urschlamm und in Blut ersaufen, und Feuerbrand und Eisensplittergraus schuf aus der Menschheit St\u00e4tten \u00f6de Tr\u00fcmmerhaufen. Was Teufelst\u00fccke unterm Gottesfluch erdacht, ward Menschenwerk, ward W\u00fcrfelgut und&hellip;<\/p>\n<p class=\"more-link-p\"><a class=\"more-link\" href=\"http:\/\/www.editiondaslabor.de\/blog\/2005\/04\/06\/dies-irae\/\">Read more &rarr;<\/a><\/p>\n","protected":false},"author":104,"featured_media":98331,"comment_status":"closed","ping_status":"closed","sticky":false,"template":"","format":"standard","meta":{"footnotes":""},"categories":[1],"tags":[1237],"class_list":["post-86400","post","type-post","status-publish","format-standard","has-post-thumbnail","hentry","category-literatur","tag-erich-muhsam"],"_links":{"self":[{"href":"http:\/\/www.editiondaslabor.de\/blog\/wp-json\/wp\/v2\/posts\/86400","targetHints":{"allow":["GET"]}}],"collection":[{"href":"http:\/\/www.editiondaslabor.de\/blog\/wp-json\/wp\/v2\/posts"}],"about":[{"href":"http:\/\/www.editiondaslabor.de\/blog\/wp-json\/wp\/v2\/types\/post"}],"author":[{"embeddable":true,"href":"http:\/\/www.editiondaslabor.de\/blog\/wp-json\/wp\/v2\/users\/104"}],"replies":[{"embeddable":true,"href":"http:\/\/www.editiondaslabor.de\/blog\/wp-json\/wp\/v2\/comments?post=86400"}],"version-history":[{"count":1,"href":"http:\/\/www.editiondaslabor.de\/blog\/wp-json\/wp\/v2\/posts\/86400\/revisions"}],"predecessor-version":[{"id":98349,"href":"http:\/\/www.editiondaslabor.de\/blog\/wp-json\/wp\/v2\/posts\/86400\/revisions\/98349"}],"wp:featuredmedia":[{"embeddable":true,"href":"http:\/\/www.editiondaslabor.de\/blog\/wp-json\/wp\/v2\/media\/98331"}],"wp:attachment":[{"href":"http:\/\/www.editiondaslabor.de\/blog\/wp-json\/wp\/v2\/media?parent=86400"}],"wp:term":[{"taxonomy":"category","embeddable":true,"href":"http:\/\/www.editiondaslabor.de\/blog\/wp-json\/wp\/v2\/categories?post=86400"},{"taxonomy":"post_tag","embeddable":true,"href":"http:\/\/www.editiondaslabor.de\/blog\/wp-json\/wp\/v2\/tags?post=86400"}],"curies":[{"name":"wp","href":"https:\/\/api.w.org\/{rel}","templated":true}]}}