{"id":86398,"date":"1995-07-10T00:01:10","date_gmt":"1995-07-09T22:01:10","guid":{"rendered":"http:\/\/www.editiondaslabor.de\/blog\/?p=86398"},"modified":"2022-02-18T16:43:07","modified_gmt":"2022-02-18T15:43:07","slug":"trutzlied","status":"publish","type":"post","link":"http:\/\/www.editiondaslabor.de\/blog\/1995\/07\/10\/trutzlied\/","title":{"rendered":"TRUTZLIED"},"content":{"rendered":"<p>&nbsp;<\/p>\n<p>Nennt uns nur h\u00f6hnisch Weltbegl\u00fccker,<\/p>\n<p>weil wir das Joch der Unterdr\u00fccker<\/p>\n<p>nicht l\u00e4nger dulden und die Schmach.<\/p>\n<p>Lacht nur der neuen Ideale,<\/p>\n<p>leert auf die alten die Pokale \u2013<\/p>\n<p>Wir geben nicht nach!<\/p>\n<p>&nbsp;<\/p>\n<p>Legt nur die Stirn in ernste Falten,<\/p>\n<p>schreckt auf im Bette ungehalten<\/p>\n<p>und scheuert euch die Augen wach.<\/p>\n<p>Flucht auf die unerw\u00fcnsche St\u00f6rung,<\/p>\n<p>rei\u00dft&#8217;s Fenster auf und schreit: Emp\u00f6rung!<\/p>\n<p>Wir geben nicht nach!<\/p>\n<p>&nbsp;<\/p>\n<p>Setzt euch nur auf die Geldkassette,<\/p>\n<p>da\u00df Gott die arme Seele rette<\/p>\n<p>aus Not, Gefahr und Ungemach, \u2013<\/p>\n<p>und ruft nach euren guten Geistern,<\/p>\n<p>nach Polizei und Kerkermeistern \u2013<\/p>\n<p>Wir geben nicht nach!<\/p>\n<p>&nbsp;<\/p>\n<p>Da\u00df den Verrat der Teufel hole,<\/p>\n<p>langt nur die Repetierpistole<\/p>\n<p>samt den Patronen aus dem Fach,<\/p>\n<p>und schm\u00fcckt den Hut mir der Kokarde<\/p>\n<p>der geldsacktreuen wei\u00dfen Garde \u2013<\/p>\n<p>Wir geben nicht nach!<\/p>\n<p>&nbsp;<\/p>\n<p>La\u00dft Volkes Blut in Str\u00f6men flie\u00dfen,<\/p>\n<p>la\u00dft uns erh\u00e4ngen und erschie\u00dfen,<\/p>\n<p>setzt uns den roten Hahn aufs Dach.<\/p>\n<p>La\u00dft M\u00f6rser und Haubitzen w\u00fcten,<\/p>\n<p>um euer Diebesgut zu h\u00fcten \u2013<\/p>\n<p>Wir geben nicht nach!<\/p>\n<p>&nbsp;<\/p>\n<p>La\u00dft euer H\u00f6llenwerkzeug toben!<\/p>\n<p>Die Sehnsucht selbst hat sich erhoben<\/p>\n<p>des Volks, das seine Ketten brach.<\/p>\n<p>Freiheit und Recht stehn auf der Schanze.<\/p>\n<p>Sieg oder Tod \u2013 jetzt geht&#8217;s ums Ganze! \u2013<\/p>\n<p>Wir geben nicht nach!<\/p>\n<p>&nbsp;<\/p>\n<p>&nbsp;<\/p>\n<p>&nbsp;<\/p>\n<p style=\"text-align: center;\">***<\/p>\n<p style=\"text-align: justify;\"><strong><img loading=\"lazy\" decoding=\"async\" class=\"alignleft size-full wp-image-98331\" src=\"http:\/\/www.editiondaslabor.de\/blog\/wp-content\/uploads\/2022\/02\/ErichMu\u0308hsam.jpg\" alt=\"\" width=\"239\" height=\"256\" srcset=\"http:\/\/www.editiondaslabor.de\/blog\/wp-content\/uploads\/2022\/02\/ErichMu\u0308hsam.jpg 239w, http:\/\/www.editiondaslabor.de\/blog\/wp-content\/uploads\/2022\/02\/ErichMu\u0308hsam-160x171.jpg 160w\" sizes=\"auto, (max-width: 239px) 100vw, 239px\" \/>Weiterf\u00fchrend \u2192<\/strong>\u00a0Poesie z\u00e4hlt f\u00fcr KUNO weiterhin zu den identit\u00e4ts- und identifikationstiftenden Elementen einer Kultur, dies bezeugte auch der Versuch einer <a href=\"http:\/\/www.editiondaslabor.de\/blog\/?p=25630\">poetologischen Positionsbestimmung<\/a>.<\/p>\n<p style=\"text-align: justify;\">Weitere Informationen \u00fcber Erich M\u00fchsam finden Sie <a href=\"http:\/\/www.muehsam.de\/appl\/index.php\">hier<\/a>.<\/p>\n<p class=\"hide-if-no-js\" style=\"text-align: justify;\">\n","protected":false},"excerpt":{"rendered":"<p>&nbsp; Nennt uns nur h\u00f6hnisch Weltbegl\u00fccker, weil wir das Joch der Unterdr\u00fccker nicht l\u00e4nger dulden und die Schmach. Lacht nur der neuen Ideale, leert auf die alten die Pokale \u2013 Wir geben nicht nach! &nbsp; Legt nur die Stirn in&hellip;<\/p>\n<p class=\"more-link-p\"><a class=\"more-link\" href=\"http:\/\/www.editiondaslabor.de\/blog\/1995\/07\/10\/trutzlied\/\">Read more &rarr;<\/a><\/p>\n","protected":false},"author":104,"featured_media":98331,"comment_status":"closed","ping_status":"closed","sticky":false,"template":"","format":"standard","meta":{"footnotes":""},"categories":[1],"tags":[1237],"class_list":["post-86398","post","type-post","status-publish","format-standard","has-post-thumbnail","hentry","category-literatur","tag-erich-muhsam"],"_links":{"self":[{"href":"http:\/\/www.editiondaslabor.de\/blog\/wp-json\/wp\/v2\/posts\/86398","targetHints":{"allow":["GET"]}}],"collection":[{"href":"http:\/\/www.editiondaslabor.de\/blog\/wp-json\/wp\/v2\/posts"}],"about":[{"href":"http:\/\/www.editiondaslabor.de\/blog\/wp-json\/wp\/v2\/types\/post"}],"author":[{"embeddable":true,"href":"http:\/\/www.editiondaslabor.de\/blog\/wp-json\/wp\/v2\/users\/104"}],"replies":[{"embeddable":true,"href":"http:\/\/www.editiondaslabor.de\/blog\/wp-json\/wp\/v2\/comments?post=86398"}],"version-history":[{"count":1,"href":"http:\/\/www.editiondaslabor.de\/blog\/wp-json\/wp\/v2\/posts\/86398\/revisions"}],"predecessor-version":[{"id":98350,"href":"http:\/\/www.editiondaslabor.de\/blog\/wp-json\/wp\/v2\/posts\/86398\/revisions\/98350"}],"wp:featuredmedia":[{"embeddable":true,"href":"http:\/\/www.editiondaslabor.de\/blog\/wp-json\/wp\/v2\/media\/98331"}],"wp:attachment":[{"href":"http:\/\/www.editiondaslabor.de\/blog\/wp-json\/wp\/v2\/media?parent=86398"}],"wp:term":[{"taxonomy":"category","embeddable":true,"href":"http:\/\/www.editiondaslabor.de\/blog\/wp-json\/wp\/v2\/categories?post=86398"},{"taxonomy":"post_tag","embeddable":true,"href":"http:\/\/www.editiondaslabor.de\/blog\/wp-json\/wp\/v2\/tags?post=86398"}],"curies":[{"name":"wp","href":"https:\/\/api.w.org\/{rel}","templated":true}]}}