{"id":86365,"date":"1989-04-26T00:01:38","date_gmt":"1989-04-25T22:01:38","guid":{"rendered":"http:\/\/www.editiondaslabor.de\/blog\/?p=86365"},"modified":"2022-02-21T17:38:06","modified_gmt":"2022-02-21T16:38:06","slug":"an-die-woelfflinge","status":"publish","type":"post","link":"http:\/\/www.editiondaslabor.de\/blog\/1989\/04\/26\/an-die-woelfflinge\/","title":{"rendered":"An die W\u00f6lfflinge"},"content":{"rendered":"<p>&nbsp;<\/p>\n<p class=\"stext\">Noch immer w\u00e4hrt die Aventiurenplage &#8211;<\/p>\n<p class=\"stext\">Allw\u00f6chentlich ein Buch von zwanzig Bogen!<\/p>\n<p class=\"stext\">Wir aber thun stets unsre alte Frage:<\/p>\n<p class=\"stext\">Habt ihr euch immer noch nicht ausgelogen?<\/p>\n<p>&nbsp;<\/p>\n<p class=\"stext\">Seht, eure Herzen wickelt ihr in Watte<\/p>\n<p class=\"stext\">Und malt drauf zierlich: Vorsicht! Porzellan!<\/p>\n<p class=\"stext\">Und ist auch manches &#8222;Vater, Mensch und Gatte&#8220;,<\/p>\n<p class=\"stext\">Sein Lumpenpack ist jedenfalls im Thran.<\/p>\n<p>&nbsp;<\/p>\n<p class=\"stext\">O, werft ins Feuer euer Flickenkleid,<\/p>\n<p class=\"stext\">Am n\u00e4chsten Stein zertr\u00fcmmert euern Psalter,<\/p>\n<p class=\"stext\">Denn uns &#8222;Modernen&#8220; liegt die Bronzezeit<\/p>\n<p class=\"stext\">Wahrhaftig n\u00e4her als das Mittelalter!<\/p>\n<p>&nbsp;<\/p>\n<p>&nbsp;<\/p>\n<p>&nbsp;<\/p>\n<p style=\"text-align: center;\">***<\/p>\n<p style=\"text-align: justify;\"><img loading=\"lazy\" decoding=\"async\" class=\"alignleft size-full wp-image-99316\" src=\"http:\/\/www.editiondaslabor.de\/blog\/wp-content\/uploads\/2025\/10\/Arno_Holz-e1645461339716.jpg\" alt=\"\" width=\"211\" height=\"300\" \/><strong>Weiterf\u00fchrend \u2192<\/strong>\u00a0Den Essay &#8222;Die Kunst. Ihr Wesen und ihre Gesetze&#8220; lesen Sie <a href=\"http:\/\/www.editiondaslabor.de\/blog\/?p=13549\">hier<\/a>. Eine Rezension von Kurt Tucholsky <a href=\"http:\/\/www.editiondaslabor.de\/blog\/?p=13542\">hier<\/a> und eine weitere W\u00fcrdigung <a href=\"http:\/\/www.editiondaslabor.de\/blog\/?p=13964\">hier.<\/a><\/p>\n<p style=\"text-align: justify;\"><strong>\u2192<\/strong>\u00a0Poesie z\u00e4hlt f\u00fcr KUNO weiterhin zu den identit\u00e4ts- und identifikationstiftenden Elementen einer Kultur, dies bezeugte auch der Versuch einer <a href=\"http:\/\/www.editiondaslabor.de\/blog\/?p=25630\">poetologischen Positionsbestimmung<\/a>.<\/p>\n","protected":false},"excerpt":{"rendered":"<p>&nbsp; Noch immer w\u00e4hrt die Aventiurenplage &#8211; Allw\u00f6chentlich ein Buch von zwanzig Bogen! Wir aber thun stets unsre alte Frage: Habt ihr euch immer noch nicht ausgelogen? &nbsp; Seht, eure Herzen wickelt ihr in Watte Und malt drauf zierlich: Vorsicht!&hellip;<\/p>\n<p class=\"more-link-p\"><a class=\"more-link\" href=\"http:\/\/www.editiondaslabor.de\/blog\/1989\/04\/26\/an-die-woelfflinge\/\">Read more &rarr;<\/a><\/p>\n","protected":false},"author":82,"featured_media":99316,"comment_status":"closed","ping_status":"closed","sticky":false,"template":"","format":"standard","meta":{"footnotes":""},"categories":[1],"tags":[424],"class_list":["post-86365","post","type-post","status-publish","format-standard","has-post-thumbnail","hentry","category-literatur","tag-arno-holz"],"_links":{"self":[{"href":"http:\/\/www.editiondaslabor.de\/blog\/wp-json\/wp\/v2\/posts\/86365","targetHints":{"allow":["GET"]}}],"collection":[{"href":"http:\/\/www.editiondaslabor.de\/blog\/wp-json\/wp\/v2\/posts"}],"about":[{"href":"http:\/\/www.editiondaslabor.de\/blog\/wp-json\/wp\/v2\/types\/post"}],"author":[{"embeddable":true,"href":"http:\/\/www.editiondaslabor.de\/blog\/wp-json\/wp\/v2\/users\/82"}],"replies":[{"embeddable":true,"href":"http:\/\/www.editiondaslabor.de\/blog\/wp-json\/wp\/v2\/comments?post=86365"}],"version-history":[{"count":1,"href":"http:\/\/www.editiondaslabor.de\/blog\/wp-json\/wp\/v2\/posts\/86365\/revisions"}],"predecessor-version":[{"id":99319,"href":"http:\/\/www.editiondaslabor.de\/blog\/wp-json\/wp\/v2\/posts\/86365\/revisions\/99319"}],"wp:featuredmedia":[{"embeddable":true,"href":"http:\/\/www.editiondaslabor.de\/blog\/wp-json\/wp\/v2\/media\/99316"}],"wp:attachment":[{"href":"http:\/\/www.editiondaslabor.de\/blog\/wp-json\/wp\/v2\/media?parent=86365"}],"wp:term":[{"taxonomy":"category","embeddable":true,"href":"http:\/\/www.editiondaslabor.de\/blog\/wp-json\/wp\/v2\/categories?post=86365"},{"taxonomy":"post_tag","embeddable":true,"href":"http:\/\/www.editiondaslabor.de\/blog\/wp-json\/wp\/v2\/tags?post=86365"}],"curies":[{"name":"wp","href":"https:\/\/api.w.org\/{rel}","templated":true}]}}