{"id":863,"date":"2012-01-12T00:01:11","date_gmt":"2012-01-11T23:01:11","guid":{"rendered":"http:\/\/www.editiondaslabor.de\/blog\/?p=863"},"modified":"2021-11-29T15:57:03","modified_gmt":"2021-11-29T14:57:03","slug":"portrat-der-hungertuchpreistragerin-woon-jung-chei-2","status":"publish","type":"post","link":"http:\/\/www.editiondaslabor.de\/blog\/2012\/01\/12\/portrat-der-hungertuchpreistragerin-woon-jung-chei-2\/","title":{"rendered":"Portr\u00e4t der Hungertuchpreistr\u00e4gerin Woon\u2013Jung Chei"},"content":{"rendered":"<p>&nbsp;<\/p>\n<p style=\"text-align: justify;\">Korea ist in Deutschland allgegenw\u00e4rtig. Wir fahren koreanische Autos, h\u00f6ren Musik aus koreanischen Musikanlagen, verfolgen den Konflikt zwischen Nord- und S\u00fcdkorea oder die Demonstrationen koreanischer Studenten in Seoul interessiert in den Nachrichten. Doch was ist eigentlich Korea? Was macht es aus? Koreas Kultur und Gesellschaft sind uns bislang weitgehend unbekannt geblieben. Das Buch versucht, diese L\u00fccke zu f\u00fcllen.<\/p>\n<p style=\"text-align: justify;\">Woon-Jung Chei wurde in Seoul geboren. Sie studierte Germanistik und Philosophie an der Heinrich-Heine-Universit\u00e4t in D\u00fcsseldorf und nahm danach das Studium der Sozialwissenschaften an der Gerhard-Mercator-Universit\u00e4t in Duisburg auf. Neben zahlreichen Ver\u00f6ffentlichungen in deutschen und koreanischen Literaturzeitschriften und Anthologien hat sie mehrere B\u00fccher in Deutschland ver\u00f6ffentlicht. Ihr Anliegen ist es, dem deutschen Publikum eine Hilfe zum besseren Verst\u00e4ndnis dieser fremden Kultur zu bieten. F\u00fcr diese Kulturvermittlung bedient sich Chei aus unterschiedlichen Quellen und f\u00e4chert die kulturellen Facetten ihres Landes sehr unterschiedlich auf.<\/p>\n<p style=\"text-align: justify;\">In f\u00fcnf Aufs\u00e4tzen besch\u00e4ftigen sich die koreanischen Autoren mit den Hauptph\u00e4nomenen koreanischer Kultur. Sie beschreiben Religion, Familie, gesellschaftlichen Umgang, Spielkultur und die sogenannte Alkoholkultur und entwickeln ein anschauliches Bild einer f\u00fcr uns mitunter fremden und erstaunlichen Gesellschaft.<\/p>\n<p>&nbsp;<\/p>\n<p>&nbsp;<\/p>\n<p style=\"text-align: center;\">***<\/p>\n<p style=\"text-align: justify;\"><strong>Aspekte der koreanischen Kultur und Gesellschaft<\/strong>, Hg. Woon-Jung Chei, Ardey-Verlag, M\u00fcnster, 2004<\/p>\n<p style=\"text-align: justify;\"><strong><a href=\"http:\/\/www.editiondaslabor.de\/blog\/wp-content\/uploads\/2012\/01\/9783870232542.jpg\"><img loading=\"lazy\" decoding=\"async\" class=\"alignleft wp-image-76002 size-medium\" src=\"http:\/\/www.editiondaslabor.de\/blog\/wp-content\/uploads\/2012\/01\/9783870232542-194x300.jpg\" alt=\"\" width=\"194\" height=\"300\" srcset=\"http:\/\/www.editiondaslabor.de\/blog\/wp-content\/uploads\/2012\/01\/9783870232542-194x300.jpg 194w, http:\/\/www.editiondaslabor.de\/blog\/wp-content\/uploads\/2012\/01\/9783870232542-260x401.jpg 260w, http:\/\/www.editiondaslabor.de\/blog\/wp-content\/uploads\/2012\/01\/9783870232542-160x247.jpg 160w, http:\/\/www.editiondaslabor.de\/blog\/wp-content\/uploads\/2012\/01\/9783870232542.jpg 420w\" sizes=\"auto, (max-width: 194px) 100vw, 194px\" \/><\/a>Weiterf\u00fchrend\u00a0\u2192 <\/strong><\/p>\n<p style=\"text-align: justify;\">KUNO empfiehlt die \u00dcbersetzung des Lyrikbandes <a href=\"http:\/\/www.editiondaslabor.de\/blog\/2021\/01\/12\/botschaften-aus-dem-land-der-morgenstille\/\"><em>Die Sterne \u00fcber dem Land der V\u00e4ter <\/em><\/a>von Ko Un.<\/p>\n<p style=\"text-align: justify;\">Die Laudatio der Hungertuchpreistr\u00e4gerin Woon-Jung Chei befindet sich <a href=\"http:\/\/www.editiondaslabor.de\/blog\/2009\/07\/10\/das-hungertuch-fuer-woon-jung-chei\/\">hier<\/a>.<\/p>\n<p style=\"text-align: justify;\">Ein <a href=\"http:\/\/www.editiondaslabor.de\/blog\/2019\/09\/06\/recap-hungertuchpreis\/\">Recap<\/a> des Hungertuchpreises.<\/p>\n<p style=\"text-align: justify;\">\n","protected":false},"excerpt":{"rendered":"<p>&nbsp; Korea ist in Deutschland allgegenw\u00e4rtig. Wir fahren koreanische Autos, h\u00f6ren Musik aus koreanischen Musikanlagen, verfolgen den Konflikt zwischen Nord- und S\u00fcdkorea oder die Demonstrationen koreanischer Studenten in Seoul interessiert in den Nachrichten. Doch was ist eigentlich Korea? Was macht&hellip;<\/p>\n<p class=\"more-link-p\"><a class=\"more-link\" href=\"http:\/\/www.editiondaslabor.de\/blog\/2012\/01\/12\/portrat-der-hungertuchpreistragerin-woon-jung-chei-2\/\">Read more &rarr;<\/a><\/p>\n","protected":false},"author":257,"featured_media":75681,"comment_status":"open","ping_status":"open","sticky":false,"template":"","format":"standard","meta":{"footnotes":""},"categories":[1],"tags":[132],"class_list":["post-863","post","type-post","status-publish","format-standard","has-post-thumbnail","hentry","category-literatur","tag-woon-jung-chei"],"_links":{"self":[{"href":"http:\/\/www.editiondaslabor.de\/blog\/wp-json\/wp\/v2\/posts\/863","targetHints":{"allow":["GET"]}}],"collection":[{"href":"http:\/\/www.editiondaslabor.de\/blog\/wp-json\/wp\/v2\/posts"}],"about":[{"href":"http:\/\/www.editiondaslabor.de\/blog\/wp-json\/wp\/v2\/types\/post"}],"author":[{"embeddable":true,"href":"http:\/\/www.editiondaslabor.de\/blog\/wp-json\/wp\/v2\/users\/257"}],"replies":[{"embeddable":true,"href":"http:\/\/www.editiondaslabor.de\/blog\/wp-json\/wp\/v2\/comments?post=863"}],"version-history":[{"count":0,"href":"http:\/\/www.editiondaslabor.de\/blog\/wp-json\/wp\/v2\/posts\/863\/revisions"}],"wp:featuredmedia":[{"embeddable":true,"href":"http:\/\/www.editiondaslabor.de\/blog\/wp-json\/"}],"wp:attachment":[{"href":"http:\/\/www.editiondaslabor.de\/blog\/wp-json\/wp\/v2\/media?parent=863"}],"wp:term":[{"taxonomy":"category","embeddable":true,"href":"http:\/\/www.editiondaslabor.de\/blog\/wp-json\/wp\/v2\/categories?post=863"},{"taxonomy":"post_tag","embeddable":true,"href":"http:\/\/www.editiondaslabor.de\/blog\/wp-json\/wp\/v2\/tags?post=863"}],"curies":[{"name":"wp","href":"https:\/\/api.w.org\/{rel}","templated":true}]}}