{"id":86216,"date":"2017-12-25T00:01:31","date_gmt":"2017-12-24T23:01:31","guid":{"rendered":"http:\/\/www.editiondaslabor.de\/blog\/?p=86216"},"modified":"2021-06-14T19:49:13","modified_gmt":"2021-06-14T17:49:13","slug":"europa-und-die-neuen-toten","status":"publish","type":"post","link":"http:\/\/www.editiondaslabor.de\/blog\/2017\/12\/25\/europa-und-die-neuen-toten\/","title":{"rendered":"europa und die neuen toten"},"content":{"rendered":"<p style=\"text-align: justify\">\u00a0<\/p>\r\n<p><span style=\"color: #999999\">Vorbemerkung der Redaktion:<\/span> Mehr als 3.000 Bootsfl\u00fcchtlinge starben 2017 im Mittelmeer<\/p>\r\n<p style=\"text-align: justify\">\u00a0<\/p>\r\n<p style=\"text-align: justify\">boote im meer \u00fcberf\u00fcllt mit fl\u00fcchtlingen dem schicksal ausgelieferten menschenalle haben sie den schleppern viel geld bezahlt f\u00fcr die \u00fcberfahrt nach europa aneinen rettenden strand tagelang n\u00e4chtelang nur der himmel und das meer aberder himmel ist nicht gn\u00e4dig niemand ist da gn\u00e4dig schon gar nicht diefluchthelfer diese gewissenlosen banditen aber nein bitte nicht mit einem nachbetroffenheit sich bem\u00fchenden gesichtsausdruck auf diese banditen-fluchthelferzeigen und sagen die sind schuld an den vielen toten die im meer treiben neinbitte nicht von dringend notwendigen ma\u00dfnahmen sprechen von einer gesamt-europ\u00e4ischen l\u00f6sung des fl\u00fcchtlingsproblems bei gleichzeitiger beteuerung da\u00dfes keine sofortl\u00f6sung gibt f\u00fcr dieses problem da\u00df erst eine rechtsbasis geschaffen werden m\u00fc\u00dfte weil wir in einem rechtsstaatlichen europa leben neindas ist f\u00fcr die menschen auf den schiffen mitten im meer v\u00f6llig unwichtig hiergeht es nur ums \u00fcberleben auf dieser \u00fcberfahrt das ist v\u00f6llig unwichtig f\u00fcr diefrau die mit ihren drei kleinen t\u00f6chtern im meer treibt und sich nicht entscheidenkann welches der drei kinder sie zuerst loslassen und dem tod \u00fcberlassen soll dasie am ende ihrer kraft ist zum schlu\u00df hat sie nur noch ein kind bei sich das sichan sie klammert und beide treiben v\u00f6llig ersch\u00f6pft und hilflos mitten im meernein nicht diese konferenzen von innen- und au\u00dfenministern und diebeteuerungen man werde alles tun damit es keine neuen toten mehr g\u00e4bederweil die menschen zu hunderten in den v\u00f6llig \u00fcberf\u00fcllten und desolatenbooten stehen und dann entweder irgendwo im meer treiben und ertrinken oderschlie\u00dflich doch an einem strand ankommen dann werden diese v\u00f6lligersch\u00f6pften menschen irgendwohin gebracht die toten werden in folieneingepackt nebeneinandergelegt und dann entsorgt eine mannschaft in wei\u00dfenoveralls erledigt das und w\u00e4hrend die nachricht vom tod hunderter menschen immittelmeer \u00fcber die medien in alle welt verbreitet wird kentert schon einn\u00e4chstes schiff und wiederum ertrinken hunderte menschen seit jahresanfangsind es schon nein z\u00e4hlen wir nicht mehr die toten es sind hunderte tausende dieschlepper z\u00e4hlen die banknoten jeder bekommt seinen anteil der kapit\u00e4n etwasmehr aus ihrer heimat mu\u00dften sie fliehen um eine chance zum \u00fcberleben zuhaben sie alle m\u00f6chten nur irgendwo in frieden leben was ist da schon einheimatverlust verglichen mit dem drohenden oder wirklichen lebensverlust hiergeht es nur ums \u00fcberleben und um sonst gar nichts aber viele \u00fcberleben nichtnein bitte jetzt nicht das wort schicksalhaft verwenden sondern die w\u00f6rterverantwortungslos gewissenlos die welt schaut zu das ist die schuld europas undder welt b\u00f6rsengesch\u00e4fte aktiengewinne und aktienverluste aber lebensverlustdort eine unvergleichbare realit\u00e4t diese menschen verlieren ihr leben weil siedem ungest\u00f6rtsein-wollen in europa geopfert werden sie sind miteinkalkuliertdaf\u00fcr es sind blo\u00df zahlen das vereinte europa die europ\u00e4ische union schert dasalles in wirklichkeit doch \u00fcberhaupt nicht und die toten treiben als treibgut immeer rechtsstaatlichkeit und demokratie sagt ein feiner herr in der tv-diskussionaber bei den menschen in den booten geht es nur ums \u00fcberleben um sonst nichts.<\/p>\r\n<p style=\"text-align: justify\">\u00a0<\/p>\r\n<p style=\"text-align: justify\">\u00a0<\/p>\r\n<p style=\"text-align: justify\"><!-- \/wp:post-content -->\r\n\r\n<!-- wp:paragraph --><\/p>\r\n<p style=\"text-align: justify\">\u00a0<\/p>\r\n<p style=\"text-align: justify\"><!-- \/wp:paragraph -->\r\n\r\n<!-- wp:image {\"align\":\"left\",\"id\":59521} --><\/p>\r\n<div class=\"wp-block-image\" style=\"text-align: justify\">\r\n<figure class=\"alignleft\"><img loading=\"lazy\" decoding=\"async\" width=\"225\" height=\"300\" class=\"wp-image-59521\" src=\"http:\/\/www.editiondaslabor.de\/blog\/wp-content\/uploads\/2019\/12\/image.jpeg\" alt=\"\" srcset=\"http:\/\/www.editiondaslabor.de\/blog\/wp-content\/uploads\/2019\/12\/image.jpeg 225w, http:\/\/www.editiondaslabor.de\/blog\/wp-content\/uploads\/2019\/12\/image-160x213.jpeg 160w\" sizes=\"auto, (max-width: 225px) 100vw, 225px\" \/><\/figure>\r\n<\/div>\r\n<p style=\"text-align: justify\"><!-- \/wp:image -->\r\n\r\n<!-- wp:paragraph --><\/p>\r\n<p style=\"text-align: justify\"><strong>Weiterf\u00fchrend \u2192\u00a0<\/strong>\u00dcber den dezidiert politisch arbeitenden Peter Paul Wiplinger lesen Sie hier eine <a href=\"http:\/\/www.editiondaslabor.de\/blog\/?p=14676\">W\u00fcrdigung<\/a>.<\/p>","protected":false},"excerpt":{"rendered":"<p>\u00a0 Vorbemerkung der Redaktion: Mehr als 3.000 Bootsfl\u00fcchtlinge starben 2017 im Mittelmeer \u00a0 boote im meer \u00fcberf\u00fcllt mit fl\u00fcchtlingen dem schicksal ausgelieferten menschenalle haben sie den schleppern viel geld bezahlt f\u00fcr die \u00fcberfahrt nach europa aneinen rettenden strand tagelang n\u00e4chtelang&hellip;<\/p>\n<p class=\"more-link-p\"><a class=\"more-link\" href=\"http:\/\/www.editiondaslabor.de\/blog\/2017\/12\/25\/europa-und-die-neuen-toten\/\">Read more &rarr;<\/a><\/p>\n","protected":false},"author":98,"featured_media":19167,"comment_status":"closed","ping_status":"closed","sticky":false,"template":"","format":"standard","meta":{"footnotes":""},"categories":[1],"tags":[1142],"class_list":["post-86216","post","type-post","status-publish","format-standard","has-post-thumbnail","hentry","category-literatur","tag-peter-paul-wiplinger"],"_links":{"self":[{"href":"http:\/\/www.editiondaslabor.de\/blog\/wp-json\/wp\/v2\/posts\/86216","targetHints":{"allow":["GET"]}}],"collection":[{"href":"http:\/\/www.editiondaslabor.de\/blog\/wp-json\/wp\/v2\/posts"}],"about":[{"href":"http:\/\/www.editiondaslabor.de\/blog\/wp-json\/wp\/v2\/types\/post"}],"author":[{"embeddable":true,"href":"http:\/\/www.editiondaslabor.de\/blog\/wp-json\/wp\/v2\/users\/98"}],"replies":[{"embeddable":true,"href":"http:\/\/www.editiondaslabor.de\/blog\/wp-json\/wp\/v2\/comments?post=86216"}],"version-history":[{"count":0,"href":"http:\/\/www.editiondaslabor.de\/blog\/wp-json\/wp\/v2\/posts\/86216\/revisions"}],"wp:featuredmedia":[{"embeddable":true,"href":"http:\/\/www.editiondaslabor.de\/blog\/wp-json\/"}],"wp:attachment":[{"href":"http:\/\/www.editiondaslabor.de\/blog\/wp-json\/wp\/v2\/media?parent=86216"}],"wp:term":[{"taxonomy":"category","embeddable":true,"href":"http:\/\/www.editiondaslabor.de\/blog\/wp-json\/wp\/v2\/categories?post=86216"},{"taxonomy":"post_tag","embeddable":true,"href":"http:\/\/www.editiondaslabor.de\/blog\/wp-json\/wp\/v2\/tags?post=86216"}],"curies":[{"name":"wp","href":"https:\/\/api.w.org\/{rel}","templated":true}]}}