{"id":86203,"date":"2015-05-13T00:01:30","date_gmt":"2015-05-12T22:01:30","guid":{"rendered":"http:\/\/www.editiondaslabor.de\/blog\/?p=86203"},"modified":"2021-06-14T16:33:21","modified_gmt":"2021-06-14T14:33:21","slug":"im-muehlviertel","status":"publish","type":"post","link":"http:\/\/www.editiondaslabor.de\/blog\/2015\/05\/13\/im-muehlviertel\/","title":{"rendered":"IM M\u00dcHLVIERTEL"},"content":{"rendered":"<p>&nbsp;<\/p>\n<p><span dir=\"ltr\">euchtendes rot<\/span><\/p>\n<p><span dir=\"ltr\">einer mohnbl\u00fcte<\/span><\/p>\n<p>&nbsp;<\/p>\n<p><span dir=\"ltr\">wei\u00dfe margeriten<\/span><\/p>\n<p><span dir=\"ltr\">im wiesengr\u00fcn\u00a0<\/span><span dir=\"ltr\">gewitterwolken<\/span><\/p>\n<p>&nbsp;<\/p>\n<p><span dir=\"ltr\">im himmelsblau<\/span><\/p>\n<p><span dir=\"ltr\">durch die landschaft<\/span><\/p>\n<p>&nbsp;<\/p>\n<p><span dir=\"ltr\">gehen ohne ein ziel<\/span><\/p>\n<p><span dir=\"ltr\">einfach nur dasein<\/span><\/p>\n<p>&nbsp;<\/p>\n<p><span dir=\"ltr\">schauen sonst nichts<\/span><\/p>\n<p>&nbsp;<\/p>\n<p>&nbsp;<\/p>\n<p><strong>\u00a0<\/strong><\/p>\n<div id=\"attachment_14681\" style=\"width: 230px\" class=\"wp-caption alignleft\"><a href=\"http:\/\/www.editiondaslabor.de\/blog\/wp-content\/uploads\/2013\/12\/220px-Peter_Paul_Wiplinger.jpg\"><img loading=\"lazy\" decoding=\"async\" aria-describedby=\"caption-attachment-14681\" class=\"size-full wp-image-14681\" src=\"http:\/\/www.editiondaslabor.de\/blog\/wp-content\/uploads\/2013\/12\/220px-Peter_Paul_Wiplinger.jpg\" alt=\"\" width=\"220\" height=\"330\" srcset=\"http:\/\/www.editiondaslabor.de\/blog\/wp-content\/uploads\/2013\/12\/220px-Peter_Paul_Wiplinger.jpg 220w, http:\/\/www.editiondaslabor.de\/blog\/wp-content\/uploads\/2013\/12\/220px-Peter_Paul_Wiplinger-200x300.jpg 200w\" sizes=\"auto, (max-width: 220px) 100vw, 220px\" \/><\/a><p id=\"caption-attachment-14681\" class=\"wp-caption-text\">Photo: Gerald Ganglbauer<\/p><\/div>\n<p style=\"text-align: justify\"><strong>Weiterf\u00fchrend \u2192<\/strong><\/p>\n<p style=\"text-align: justify\">\u00dcber den dezidiert politisch arbeitenden Peter Paul Wiplinger lesen Sie hier eine <a href=\"http:\/\/www.editiondaslabor.de\/blog\/?p=14676\">W\u00fcrdigung<\/a>.<\/p>\n<p style=\"text-align: justify\"><strong>\u2192<\/strong>\u00a0Poesie z\u00e4hlt f\u00fcr KUNO weiterhin zu den identit\u00e4ts- und identifikationstiftenden Elementen einer Kultur, dies bezeugte auch der Versuch einer <a href=\"http:\/\/www.editiondaslabor.de\/blog\/?p=25630\">poetologischen Positionsbestimmung<\/a>.<\/p>\n<p>&nbsp;<\/p>\n","protected":false},"excerpt":{"rendered":"<p>&nbsp; euchtendes rot einer mohnbl\u00fcte &nbsp; wei\u00dfe margeriten im wiesengr\u00fcn\u00a0gewitterwolken &nbsp; im himmelsblau durch die landschaft &nbsp; gehen ohne ein ziel einfach nur dasein &nbsp; schauen sonst nichts &nbsp; &nbsp; \u00a0 Weiterf\u00fchrend \u2192 \u00dcber den dezidiert politisch arbeitenden Peter Paul&hellip;<\/p>\n<p class=\"more-link-p\"><a class=\"more-link\" href=\"http:\/\/www.editiondaslabor.de\/blog\/2015\/05\/13\/im-muehlviertel\/\">Read more &rarr;<\/a><\/p>\n","protected":false},"author":98,"featured_media":14681,"comment_status":"closed","ping_status":"closed","sticky":false,"template":"","format":"standard","meta":{"footnotes":""},"categories":[1],"tags":[1142],"class_list":["post-86203","post","type-post","status-publish","format-standard","has-post-thumbnail","hentry","category-literatur","tag-peter-paul-wiplinger"],"_links":{"self":[{"href":"http:\/\/www.editiondaslabor.de\/blog\/wp-json\/wp\/v2\/posts\/86203","targetHints":{"allow":["GET"]}}],"collection":[{"href":"http:\/\/www.editiondaslabor.de\/blog\/wp-json\/wp\/v2\/posts"}],"about":[{"href":"http:\/\/www.editiondaslabor.de\/blog\/wp-json\/wp\/v2\/types\/post"}],"author":[{"embeddable":true,"href":"http:\/\/www.editiondaslabor.de\/blog\/wp-json\/wp\/v2\/users\/98"}],"replies":[{"embeddable":true,"href":"http:\/\/www.editiondaslabor.de\/blog\/wp-json\/wp\/v2\/comments?post=86203"}],"version-history":[{"count":0,"href":"http:\/\/www.editiondaslabor.de\/blog\/wp-json\/wp\/v2\/posts\/86203\/revisions"}],"wp:featuredmedia":[{"embeddable":true,"href":"http:\/\/www.editiondaslabor.de\/blog\/wp-json\/"}],"wp:attachment":[{"href":"http:\/\/www.editiondaslabor.de\/blog\/wp-json\/wp\/v2\/media?parent=86203"}],"wp:term":[{"taxonomy":"category","embeddable":true,"href":"http:\/\/www.editiondaslabor.de\/blog\/wp-json\/wp\/v2\/categories?post=86203"},{"taxonomy":"post_tag","embeddable":true,"href":"http:\/\/www.editiondaslabor.de\/blog\/wp-json\/wp\/v2\/tags?post=86203"}],"curies":[{"name":"wp","href":"https:\/\/api.w.org\/{rel}","templated":true}]}}