{"id":86198,"date":"2015-06-16T00:01:00","date_gmt":"2015-06-15T22:01:00","guid":{"rendered":"http:\/\/www.editiondaslabor.de\/blog\/?p=86198"},"modified":"2021-11-19T16:22:39","modified_gmt":"2021-11-19T15:22:39","slug":"muehlviertler-landschaft","status":"publish","type":"post","link":"http:\/\/www.editiondaslabor.de\/blog\/2015\/06\/16\/muehlviertler-landschaft\/","title":{"rendered":"M\u00dcHLVIERTLER LANDSCHAFT"},"content":{"rendered":"<p>&nbsp;<\/p>\n<p><span dir=\"ltr\">H\u00fcgelweit hingestreut<\/span><\/p>\n<p><span dir=\"ltr\">die sanfte Landschaf<\/span><\/p>\n<p><span dir=\"ltr\">t<\/span><span dir=\"ltr\">im hellen Morgenlicht<\/span><\/p>\n<p>&nbsp;<\/p>\n<p><span dir=\"ltr\">zwischen den W\u00e4ldern<\/span><\/p>\n<p><span dir=\"ltr\">in l\u00e4nglichen Mulden<\/span><\/p>\n<p><span dir=\"ltr\">ein Nebel-Seidentuch<\/span><\/p>\n<p>&nbsp;<\/p>\n<p><span dir=\"ltr\">auf den Kuppen oben<\/span><\/p>\n<p><span dir=\"ltr\">da und dort sehr klein<\/span><\/p>\n<p><span dir=\"ltr\">ein Spielzeug-Kirchturm<\/span><\/p>\n<p>&nbsp;<\/p>\n<p><span dir=\"ltr\">Stra\u00dfen und Wege<\/span><span dir=\"ltr\">durch<\/span><\/p>\n<p><span dir=\"ltr\">ziehen weithin<\/span><\/p>\n<p><span dir=\"ltr\">sichtbar das Land<\/span><span dir=\"ltr\">fern am Horizont<\/span><\/p>\n<p>&nbsp;<\/p>\n<p><span dir=\"ltr\">endet diese Welt<\/span><\/p>\n<p><span dir=\"ltr\">am Himmelssaum<\/span><\/p>\n<p><span dir=\"ltr\">eine Farbenpracht<\/span><\/p>\n<p>&nbsp;<\/p>\n<p><span dir=\"ltr\">von Blumenbl\u00fcten<\/span><\/p>\n<p><span dir=\"ltr\">im Fr\u00fchlingsgr\u00fcn<\/span><\/p>\n<p>&nbsp;<\/p>\n<p>&nbsp;<\/p>\n<p><strong>\u00a0<\/strong><\/p>\n<div id=\"attachment_14681\" style=\"width: 230px\" class=\"wp-caption alignleft\"><a href=\"http:\/\/www.editiondaslabor.de\/blog\/wp-content\/uploads\/2013\/12\/220px-Peter_Paul_Wiplinger.jpg\"><img loading=\"lazy\" decoding=\"async\" aria-describedby=\"caption-attachment-14681\" class=\"size-full wp-image-14681\" src=\"http:\/\/www.editiondaslabor.de\/blog\/wp-content\/uploads\/2013\/12\/220px-Peter_Paul_Wiplinger.jpg\" alt=\"\" width=\"220\" height=\"330\" srcset=\"http:\/\/www.editiondaslabor.de\/blog\/wp-content\/uploads\/2013\/12\/220px-Peter_Paul_Wiplinger.jpg 220w, http:\/\/www.editiondaslabor.de\/blog\/wp-content\/uploads\/2013\/12\/220px-Peter_Paul_Wiplinger-200x300.jpg 200w\" sizes=\"auto, (max-width: 220px) 100vw, 220px\" \/><\/a><p id=\"caption-attachment-14681\" class=\"wp-caption-text\">Photo: Gerald Ganglbauer<\/p><\/div>\n<p style=\"text-align: justify;\"><strong>Weiterf\u00fchrend \u2192<\/strong><\/p>\n<p style=\"text-align: justify;\">\u00dcber den dezidiert politisch arbeitenden Peter Paul Wiplinger lesen Sie hier eine <a href=\"http:\/\/www.editiondaslabor.de\/blog\/?p=14676\">W\u00fcrdigung<\/a>.<\/p>\n<p style=\"text-align: justify;\"><strong>\u2192<\/strong>\u00a0Poesie z\u00e4hlt f\u00fcr KUNO weiterhin zu den identit\u00e4ts- und identifikationstiftenden Elementen einer Kultur, dies bezeugte auch der Versuch einer <a href=\"http:\/\/www.editiondaslabor.de\/blog\/?p=25630\">poetologischen Positionsbestimmung<\/a>.<\/p>\n<p>&nbsp;<\/p>\n","protected":false},"excerpt":{"rendered":"<p>&nbsp; H\u00fcgelweit hingestreut die sanfte Landschaf tim hellen Morgenlicht &nbsp; zwischen den W\u00e4ldern in l\u00e4nglichen Mulden ein Nebel-Seidentuch &nbsp; auf den Kuppen oben da und dort sehr klein ein Spielzeug-Kirchturm &nbsp; Stra\u00dfen und Wegedurch ziehen weithin sichtbar das Landfern am&hellip;<\/p>\n<p class=\"more-link-p\"><a class=\"more-link\" href=\"http:\/\/www.editiondaslabor.de\/blog\/2015\/06\/16\/muehlviertler-landschaft\/\">Read more &rarr;<\/a><\/p>\n","protected":false},"author":98,"featured_media":14681,"comment_status":"closed","ping_status":"closed","sticky":false,"template":"","format":"standard","meta":{"footnotes":""},"categories":[1],"tags":[1142],"class_list":["post-86198","post","type-post","status-publish","format-standard","has-post-thumbnail","hentry","category-literatur","tag-peter-paul-wiplinger"],"_links":{"self":[{"href":"http:\/\/www.editiondaslabor.de\/blog\/wp-json\/wp\/v2\/posts\/86198","targetHints":{"allow":["GET"]}}],"collection":[{"href":"http:\/\/www.editiondaslabor.de\/blog\/wp-json\/wp\/v2\/posts"}],"about":[{"href":"http:\/\/www.editiondaslabor.de\/blog\/wp-json\/wp\/v2\/types\/post"}],"author":[{"embeddable":true,"href":"http:\/\/www.editiondaslabor.de\/blog\/wp-json\/wp\/v2\/users\/98"}],"replies":[{"embeddable":true,"href":"http:\/\/www.editiondaslabor.de\/blog\/wp-json\/wp\/v2\/comments?post=86198"}],"version-history":[{"count":0,"href":"http:\/\/www.editiondaslabor.de\/blog\/wp-json\/wp\/v2\/posts\/86198\/revisions"}],"wp:featuredmedia":[{"embeddable":true,"href":"http:\/\/www.editiondaslabor.de\/blog\/wp-json\/"}],"wp:attachment":[{"href":"http:\/\/www.editiondaslabor.de\/blog\/wp-json\/wp\/v2\/media?parent=86198"}],"wp:term":[{"taxonomy":"category","embeddable":true,"href":"http:\/\/www.editiondaslabor.de\/blog\/wp-json\/wp\/v2\/categories?post=86198"},{"taxonomy":"post_tag","embeddable":true,"href":"http:\/\/www.editiondaslabor.de\/blog\/wp-json\/wp\/v2\/tags?post=86198"}],"curies":[{"name":"wp","href":"https:\/\/api.w.org\/{rel}","templated":true}]}}