{"id":86151,"date":"2005-07-13T00:01:23","date_gmt":"2005-07-12T22:01:23","guid":{"rendered":"http:\/\/www.editiondaslabor.de\/blog\/?p=86151"},"modified":"2021-10-18T11:10:15","modified_gmt":"2021-10-18T09:10:15","slug":"wie-lange-noch","status":"publish","type":"post","link":"http:\/\/www.editiondaslabor.de\/blog\/2005\/07\/13\/wie-lange-noch\/","title":{"rendered":"WIE LANGE NOCH"},"content":{"rendered":"<p>&nbsp;<\/p>\n<p><span dir=\"ltr\">wie lange noch<\/span><\/p>\n<p><span dir=\"ltr\">wird all dies dauern<\/span><span dir=\"ltr\">der sommerwind<\/span><\/p>\n<p>&nbsp;<\/p>\n<p><span dir=\"ltr\">auf deiner haut<\/span><\/p>\n<p><span dir=\"ltr\">da\u00df du den frauen<\/span><\/p>\n<p>&nbsp;<\/p>\n<p><span dir=\"ltr\">ins gesicht siehst<\/span><\/p>\n<p><span dir=\"ltr\">da\u00df die sehnsucht<\/span><\/p>\n<p>&nbsp;<\/p>\n<p><span dir=\"ltr\">in dir brennt<\/span><\/p>\n<p><span dir=\"ltr\">da\u00df du das leben<\/span><\/p>\n<p>&nbsp;<\/p>\n<p><span dir=\"ltr\">sp\u00fcrst wie eben erst<\/span><\/p>\n<p><span dir=\"ltr\">in diesem augenblick<\/span><\/p>\n<p>&nbsp;<\/p>\n<p><span dir=\"ltr\">vor anbeginn der nacht<\/span><\/p>\n<p>&nbsp;<\/p>\n<p>&nbsp;<\/p>\n<p><strong>\u00a0<\/strong><\/p>\n<div id=\"attachment_14681\" style=\"width: 230px\" class=\"wp-caption alignleft\"><a href=\"http:\/\/www.editiondaslabor.de\/blog\/wp-content\/uploads\/2013\/12\/220px-Peter_Paul_Wiplinger.jpg\"><img loading=\"lazy\" decoding=\"async\" aria-describedby=\"caption-attachment-14681\" class=\"size-full wp-image-14681\" src=\"http:\/\/www.editiondaslabor.de\/blog\/wp-content\/uploads\/2013\/12\/220px-Peter_Paul_Wiplinger.jpg\" alt=\"\" width=\"220\" height=\"330\" srcset=\"http:\/\/www.editiondaslabor.de\/blog\/wp-content\/uploads\/2013\/12\/220px-Peter_Paul_Wiplinger.jpg 220w, http:\/\/www.editiondaslabor.de\/blog\/wp-content\/uploads\/2013\/12\/220px-Peter_Paul_Wiplinger-200x300.jpg 200w\" sizes=\"auto, (max-width: 220px) 100vw, 220px\" \/><\/a><p id=\"caption-attachment-14681\" class=\"wp-caption-text\">Photo: Gerald Ganglbauer<\/p><\/div>\n<p style=\"text-align: justify;\"><strong>Weiterf\u00fchrend \u2192<\/strong><\/p>\n<p style=\"text-align: justify;\">\u00dcber den dezidiert politisch arbeitenden Peter Paul Wiplinger lesen Sie hier eine <a href=\"http:\/\/www.editiondaslabor.de\/blog\/?p=14676\">W\u00fcrdigung<\/a>.<\/p>\n<p style=\"text-align: justify;\"><strong>\u2192<\/strong>\u00a0Poesie z\u00e4hlt f\u00fcr KUNO weiterhin zu den identit\u00e4ts- und identifikationstiftenden Elementen einer Kultur, dies bezeugte auch der Versuch einer <a href=\"http:\/\/www.editiondaslabor.de\/blog\/?p=25630\">poetologischen Positionsbestimmung<\/a>.<\/p>\n<p>&nbsp;<\/p>\n","protected":false},"excerpt":{"rendered":"<p>&nbsp; wie lange noch wird all dies dauernder sommerwind &nbsp; auf deiner haut da\u00df du den frauen &nbsp; ins gesicht siehst da\u00df die sehnsucht &nbsp; in dir brennt da\u00df du das leben &nbsp; sp\u00fcrst wie eben erst in diesem augenblick&hellip;<\/p>\n<p class=\"more-link-p\"><a class=\"more-link\" href=\"http:\/\/www.editiondaslabor.de\/blog\/2005\/07\/13\/wie-lange-noch\/\">Read more &rarr;<\/a><\/p>\n","protected":false},"author":98,"featured_media":14681,"comment_status":"closed","ping_status":"closed","sticky":false,"template":"","format":"standard","meta":{"footnotes":""},"categories":[1],"tags":[1142],"class_list":["post-86151","post","type-post","status-publish","format-standard","has-post-thumbnail","hentry","category-literatur","tag-peter-paul-wiplinger"],"_links":{"self":[{"href":"http:\/\/www.editiondaslabor.de\/blog\/wp-json\/wp\/v2\/posts\/86151","targetHints":{"allow":["GET"]}}],"collection":[{"href":"http:\/\/www.editiondaslabor.de\/blog\/wp-json\/wp\/v2\/posts"}],"about":[{"href":"http:\/\/www.editiondaslabor.de\/blog\/wp-json\/wp\/v2\/types\/post"}],"author":[{"embeddable":true,"href":"http:\/\/www.editiondaslabor.de\/blog\/wp-json\/wp\/v2\/users\/98"}],"replies":[{"embeddable":true,"href":"http:\/\/www.editiondaslabor.de\/blog\/wp-json\/wp\/v2\/comments?post=86151"}],"version-history":[{"count":0,"href":"http:\/\/www.editiondaslabor.de\/blog\/wp-json\/wp\/v2\/posts\/86151\/revisions"}],"wp:featuredmedia":[{"embeddable":true,"href":"http:\/\/www.editiondaslabor.de\/blog\/wp-json\/"}],"wp:attachment":[{"href":"http:\/\/www.editiondaslabor.de\/blog\/wp-json\/wp\/v2\/media?parent=86151"}],"wp:term":[{"taxonomy":"category","embeddable":true,"href":"http:\/\/www.editiondaslabor.de\/blog\/wp-json\/wp\/v2\/categories?post=86151"},{"taxonomy":"post_tag","embeddable":true,"href":"http:\/\/www.editiondaslabor.de\/blog\/wp-json\/wp\/v2\/tags?post=86151"}],"curies":[{"name":"wp","href":"https:\/\/api.w.org\/{rel}","templated":true}]}}