{"id":86035,"date":"2024-01-26T00:01:59","date_gmt":"2024-01-25T23:01:59","guid":{"rendered":"http:\/\/www.editiondaslabor.de\/blog\/?p=86035"},"modified":"2022-02-23T17:29:26","modified_gmt":"2022-02-23T16:29:26","slug":"zum-rheinischen-ungarn-weigoni","status":"publish","type":"post","link":"http:\/\/www.editiondaslabor.de\/blog\/2024\/01\/26\/zum-rheinischen-ungarn-weigoni\/","title":{"rendered":"Zum rheinischen Ungarn Weigoni"},"content":{"rendered":"<p>&nbsp;<\/p>\n<p style=\"text-align: justify;\">Es verbindet uns die gleiche Grundhaltung der literarischen Sprache gegen\u00fcber, n\u00e4mlich die: Respekt zu haben vor dem hohen Kultur-, ja Menschheitsgut SPRACHE; bei aller Absicht und allen Bem\u00fchungen, \u00fcber ihre Grenzen hinauszukommen, dorthin, woher wir vielleicht kommen: ins freie kosmische Niemandsland, das aber von einem Ordnungsprinzip zusammengehalten wird. Sprachspiel &#8211; wenn man es auch so deklariert (wie im Keller auf dem Marmeladeglasetikett &#8222;Marillenmarmelade&#8220;) ja, aber nein zum absoluten Nonsens, zur Sprachverhunzung, zur Sprachzertr\u00fcmmerung, zur Selbstamputation des Denk-Empfindungs- und Sprachverm\u00f6gens.<\/p>\n<p>&nbsp;<\/p>\n<div style=\"text-align: justify;\"><\/div>\n<p style=\"text-align: center;\">***<\/p>\n<p style=\"text-align: justify;\"><strong>Schriftstellerbegegnungen<\/strong> 1960-2010 von Peter Paul Wiplinger, Kitab-Verlag, Klagenfurt, 2010<\/p>\n<div id=\"attachment_19169\" style=\"width: 222px\" class=\"wp-caption alignleft\"><a href=\"http:\/\/www.editiondaslabor.de\/blog\/wp-content\/uploads\/2014\/02\/Wiplinger-Peter-Paul-2013-Krems-Copyright-Margit-Hahn-2.jpg\"><img loading=\"lazy\" decoding=\"async\" aria-describedby=\"caption-attachment-19169\" class=\"size-medium wp-image-19169\" src=\"http:\/\/www.editiondaslabor.de\/blog\/wp-content\/uploads\/2014\/02\/Wiplinger-Peter-Paul-2013-Krems-Copyright-Margit-Hahn-2-212x300.jpg\" alt=\"\" width=\"212\" height=\"300\" srcset=\"http:\/\/www.editiondaslabor.de\/blog\/wp-content\/uploads\/2014\/02\/Wiplinger-Peter-Paul-2013-Krems-Copyright-Margit-Hahn-2-212x300.jpg 212w, http:\/\/www.editiondaslabor.de\/blog\/wp-content\/uploads\/2014\/02\/Wiplinger-Peter-Paul-2013-Krems-Copyright-Margit-Hahn-2-725x1024.jpg 725w\" sizes=\"auto, (max-width: 212px) 100vw, 212px\" \/><\/a><p id=\"caption-attachment-19169\" class=\"wp-caption-text\">Wiplinger Peter Paul 2013, Photo: Margit Hahn<\/p><\/div>\n<div style=\"text-align: justify;\">\n<div style=\"text-align: justify;\"><strong>Weiterf\u00fchrend \u2192 <\/strong>KUNO sch\u00e4tzt dieses <a href=\"http:\/\/www.editiondaslabor.de\/blog\/2009\/02\/28\/ein-geflecht-aus-perspektiven-und-eindruecken\/\">Geflecht aus Perspektiven und Eindr\u00fccken<\/a>. Weitere Ausk\u00fcnfte gibt der Autor im <a href=\"http:\/\/www.editiondaslabor.de\/blog\/2009\/02\/24\/epilog-zu-schriftstellerbegegnungen-1960-2010\/\">Epilog<\/a> zu den <em>Schriftstellerbegegnungen<\/em>.<\/div>\n<div style=\"text-align: justify;\"><strong>\u2192<\/strong> Die <em>Kulturnotizen<\/em> (KUNO) setzen die Reihe Kollegengespr\u00e4che in loser Folge ab 2011 fort. So z.B. mit dem vertiefenden <a href=\"http:\/\/www.editiondaslabor.de\/blog\/?p=21407\">Kollegengespr\u00e4ch<\/a> von A.J. Weigoni mit Haimo Hieronymus \u00fcber Material, Medium und Faszination des Werkstoffs Papier. Druck und Papier, manche Traditionen gehen eben nicht verloren.<\/div>\n<p style=\"text-align: justify;\">\n<\/div>\n","protected":false},"excerpt":{"rendered":"<p>&nbsp; Es verbindet uns die gleiche Grundhaltung der literarischen Sprache gegen\u00fcber, n\u00e4mlich die: Respekt zu haben vor dem hohen Kultur-, ja Menschheitsgut SPRACHE; bei aller Absicht und allen Bem\u00fchungen, \u00fcber ihre Grenzen hinauszukommen, dorthin, woher wir vielleicht kommen: ins freie&hellip;<\/p>\n<p class=\"more-link-p\"><a class=\"more-link\" href=\"http:\/\/www.editiondaslabor.de\/blog\/2024\/01\/26\/zum-rheinischen-ungarn-weigoni\/\">Read more &rarr;<\/a><\/p>\n","protected":false},"author":98,"featured_media":19169,"comment_status":"closed","ping_status":"closed","sticky":false,"template":"","format":"standard","meta":{"footnotes":""},"categories":[1],"tags":[1142],"class_list":["post-86035","post","type-post","status-publish","format-standard","has-post-thumbnail","hentry","category-literatur","tag-peter-paul-wiplinger"],"_links":{"self":[{"href":"http:\/\/www.editiondaslabor.de\/blog\/wp-json\/wp\/v2\/posts\/86035","targetHints":{"allow":["GET"]}}],"collection":[{"href":"http:\/\/www.editiondaslabor.de\/blog\/wp-json\/wp\/v2\/posts"}],"about":[{"href":"http:\/\/www.editiondaslabor.de\/blog\/wp-json\/wp\/v2\/types\/post"}],"author":[{"embeddable":true,"href":"http:\/\/www.editiondaslabor.de\/blog\/wp-json\/wp\/v2\/users\/98"}],"replies":[{"embeddable":true,"href":"http:\/\/www.editiondaslabor.de\/blog\/wp-json\/wp\/v2\/comments?post=86035"}],"version-history":[{"count":1,"href":"http:\/\/www.editiondaslabor.de\/blog\/wp-json\/wp\/v2\/posts\/86035\/revisions"}],"predecessor-version":[{"id":100040,"href":"http:\/\/www.editiondaslabor.de\/blog\/wp-json\/wp\/v2\/posts\/86035\/revisions\/100040"}],"wp:featuredmedia":[{"embeddable":true,"href":"http:\/\/www.editiondaslabor.de\/blog\/wp-json\/"}],"wp:attachment":[{"href":"http:\/\/www.editiondaslabor.de\/blog\/wp-json\/wp\/v2\/media?parent=86035"}],"wp:term":[{"taxonomy":"category","embeddable":true,"href":"http:\/\/www.editiondaslabor.de\/blog\/wp-json\/wp\/v2\/categories?post=86035"},{"taxonomy":"post_tag","embeddable":true,"href":"http:\/\/www.editiondaslabor.de\/blog\/wp-json\/wp\/v2\/tags?post=86035"}],"curies":[{"name":"wp","href":"https:\/\/api.w.org\/{rel}","templated":true}]}}