{"id":85468,"date":"2008-06-10T00:01:56","date_gmt":"2008-06-09T22:01:56","guid":{"rendered":"http:\/\/www.editiondaslabor.de\/blog\/?p=85468"},"modified":"2021-06-08T09:13:34","modified_gmt":"2021-06-08T07:13:34","slug":"eine-erinnerung-an-tschingis-aitmatow","status":"publish","type":"post","link":"http:\/\/www.editiondaslabor.de\/blog\/2008\/06\/10\/eine-erinnerung-an-tschingis-aitmatow\/","title":{"rendered":"Eine Erinnerung an Tschingis\u00a0Aitmatow"},"content":{"rendered":"<p>&nbsp;<\/p>\n<p style=\"text-align: justify;\">Mit ihm war ich 1998 bei einer internationalen Konferenz in Tren\u010dianske Teplice\/Slowakei zusammen. Wir hielten beide ein Referat. Nach meinem umarmte er mich beim anschlie\u00dfenden Essen, sch\u00fcttelte mich kr\u00e4ftig, bestellte von seinen Begleitern zwei halbvolle Trinkgl\u00e4ser Wodka, wir prosteten einander zu, wobei er immerzu laut \u201eKaracho, Karacho, Kollega Wiplinger!\u201c sagte. Einmal gingen wir Tagungsteilnehmer alle miteinander, M\u00e4nnlein wie Weiblein, ins alte Thermalbad von Tren\u010dianske Teplice. Wir waren aber nicht in einem Badekost\u00fcm, sondern alle bekamen einen wei\u00dfen Kittel, mit dem man dann ins Wasser ging. Es war eine v\u00f6llig skurrile Szenerie und ein Erlebnis, wie es sicher noch niemand von uns gehabt hatte. Vielleicht war es manchen Frauen ein wenig peinlich, so vor uns M\u00e4nnern zu stehen und im Wasser zu planschen. Aber das war bald vorbei und wir benahmen uns alle wie die Kinder. Ich erinnere mich noch gut daran, wie das Ganze den Tschingis Aitmatow am\u00fcsierte und er dar\u00fcber in lautes Lachen ausbrach. Auch er planschte dann, als damals schon \u00e4lterer Herr, wie ein kleines Kind herum. Es war ein lustiges Erlebnis, das wir gemeinsam hatten und das uns emotional verband. Jedenfalls klopfte mir Aitmatow immer wieder auf die Schultern und rief \u2013 absurderweise \u2013 \u201eTowarisch Amigo!\u201c Als ich dann sp\u00e4ter meinen 2. Gedichtband in Russisch \u2013 \u201eTotschki Peresetschenija\u201c \u2013 in Moskau publizierte, schrieb ich an Aitmatow nach Br\u00fcssel, wo er nun Kirgisischer Botschafter war, und fragte ihn, ob er bereit w\u00e4re, ein kurzes Vorwort f\u00fcr dieses Buch zu verfassen. Selbstverst\u00e4ndlich schickte ich ihm die Gedichte in Russisch mit und schon wenige Tage sp\u00e4ter erhielt ich per Post ein mich sehr ehrendes und lobendes Vorwort. Ich bedankte mich, zun\u00e4chst mit einem kurzen Antwortschreiben und dann mit der \u00dcbersendung eines Buchexemplares. Wenn ich die Fotos, die ich von Tschingis Aitmatow in Tren\u010dianske Teplice gemacht habe, anschaue, dann sehe ich ihn genau so vor mir, wie ich es hier beschrieben habe \u2013 mit einem herzlichen Lachen im Gesicht.<\/p>\n<p>&nbsp;<\/p>\n<div style=\"text-align: justify;\"><\/div>\n<p style=\"text-align: center;\">***<\/p>\n<p style=\"text-align: justify;\"><strong>Schriftstellerbegegnungen<\/strong> 1960-2010 von Peter Paul Wiplinger, Kitab-Verlag, Klagenfurt, 2010<\/p>\n<div id=\"attachment_85472\" style=\"width: 222px\" class=\"wp-caption alignleft\"><a href=\"http:\/\/www.editiondaslabor.de\/blog\/wp-content\/uploads\/2008\/06\/Aitmatow-Tschingis-Trencianske-Teplice-1998-Copyright-P.P-Wiplinger-Kopie-scaled.jpg\"><img loading=\"lazy\" decoding=\"async\" aria-describedby=\"caption-attachment-85472\" class=\"wp-image-85472 size-medium\" src=\"http:\/\/www.editiondaslabor.de\/blog\/wp-content\/uploads\/2008\/06\/Aitmatow-Tschingis-Trencianske-Teplice-1998-Copyright-P.P-Wiplinger-Kopie-212x300.jpg\" alt=\"\" width=\"212\" height=\"300\" srcset=\"http:\/\/www.editiondaslabor.de\/blog\/wp-content\/uploads\/2008\/06\/Aitmatow-Tschingis-Trencianske-Teplice-1998-Copyright-P.P-Wiplinger-Kopie-212x300.jpg 212w, http:\/\/www.editiondaslabor.de\/blog\/wp-content\/uploads\/2008\/06\/Aitmatow-Tschingis-Trencianske-Teplice-1998-Copyright-P.P-Wiplinger-Kopie-724x1024.jpg 724w, http:\/\/www.editiondaslabor.de\/blog\/wp-content\/uploads\/2008\/06\/Aitmatow-Tschingis-Trencianske-Teplice-1998-Copyright-P.P-Wiplinger-Kopie-768x1086.jpg 768w, http:\/\/www.editiondaslabor.de\/blog\/wp-content\/uploads\/2008\/06\/Aitmatow-Tschingis-Trencianske-Teplice-1998-Copyright-P.P-Wiplinger-Kopie-1086x1536.jpg 1086w, http:\/\/www.editiondaslabor.de\/blog\/wp-content\/uploads\/2008\/06\/Aitmatow-Tschingis-Trencianske-Teplice-1998-Copyright-P.P-Wiplinger-Kopie-1448x2048.jpg 1448w, http:\/\/www.editiondaslabor.de\/blog\/wp-content\/uploads\/2008\/06\/Aitmatow-Tschingis-Trencianske-Teplice-1998-Copyright-P.P-Wiplinger-Kopie-560x792.jpg 560w, http:\/\/www.editiondaslabor.de\/blog\/wp-content\/uploads\/2008\/06\/Aitmatow-Tschingis-Trencianske-Teplice-1998-Copyright-P.P-Wiplinger-Kopie-260x368.jpg 260w, http:\/\/www.editiondaslabor.de\/blog\/wp-content\/uploads\/2008\/06\/Aitmatow-Tschingis-Trencianske-Teplice-1998-Copyright-P.P-Wiplinger-Kopie-160x226.jpg 160w, http:\/\/www.editiondaslabor.de\/blog\/wp-content\/uploads\/2008\/06\/Aitmatow-Tschingis-Trencianske-Teplice-1998-Copyright-P.P-Wiplinger-Kopie-scaled.jpg 1810w\" sizes=\"auto, (max-width: 212px) 100vw, 212px\" \/><\/a><p id=\"caption-attachment-85472\" class=\"wp-caption-text\">Tschingis Aitmatow, Photo: Peter Paul Wiplinger<\/p><\/div>\n<div style=\"text-align: justify;\"><strong>Weiterf\u00fchrend \u2192 <\/strong>KUNO sch\u00e4tzt dieses <a href=\"http:\/\/www.editiondaslabor.de\/blog\/2009\/02\/28\/ein-geflecht-aus-perspektiven-und-eindruecken\/\">Geflecht aus Perspektiven und Eindr\u00fccken<\/a>. Weitere Ausk\u00fcnfte gibt der Autor im <a href=\"http:\/\/www.editiondaslabor.de\/blog\/2009\/02\/24\/epilog-zu-schriftstellerbegegnungen-1960-2010\/\">Epilog<\/a> zu den <em>Schriftstellerbegegnungen<\/em>.<\/div>\n<div style=\"text-align: justify;\"><strong>\u2192<\/strong> Die <em>Kulturnotizen<\/em> (KUNO) setzen die Reihe Kollegengespr\u00e4che in loser Folge ab 2011 fort. So z.B. mit dem vertiefenden <a href=\"http:\/\/www.editiondaslabor.de\/blog\/?p=21407\">Kollegengespr\u00e4ch<\/a> von A.J. Weigoni mit Haimo Hieronymus \u00fcber Material, Medium und Faszination des Werkstoffs Papier. Druck und Papier, manche Traditionen gehen eben nicht verloren.<\/div>\n<p>&nbsp;<\/p>\n<p>&nbsp;<\/p>\n<p>&nbsp;<\/p>\n<div><\/div>\n<div><\/div>\n<div><\/div>\n<div><\/div>\n<div><\/div>\n<div><\/div>\n","protected":false},"excerpt":{"rendered":"<p>&nbsp; Mit ihm war ich 1998 bei einer internationalen Konferenz in Tren\u010dianske Teplice\/Slowakei zusammen. Wir hielten beide ein Referat. Nach meinem umarmte er mich beim anschlie\u00dfenden Essen, sch\u00fcttelte mich kr\u00e4ftig, bestellte von seinen Begleitern zwei halbvolle Trinkgl\u00e4ser Wodka, wir prosteten&hellip;<\/p>\n<p class=\"more-link-p\"><a class=\"more-link\" href=\"http:\/\/www.editiondaslabor.de\/blog\/2008\/06\/10\/eine-erinnerung-an-tschingis-aitmatow\/\">Read more &rarr;<\/a><\/p>\n","protected":false},"author":98,"featured_media":19169,"comment_status":"closed","ping_status":"closed","sticky":false,"template":"","format":"standard","meta":{"footnotes":""},"categories":[1],"tags":[1142,2952],"class_list":["post-85468","post","type-post","status-publish","format-standard","has-post-thumbnail","hentry","category-literatur","tag-peter-paul-wiplinger","tag-tschingis-aitmatow"],"_links":{"self":[{"href":"http:\/\/www.editiondaslabor.de\/blog\/wp-json\/wp\/v2\/posts\/85468","targetHints":{"allow":["GET"]}}],"collection":[{"href":"http:\/\/www.editiondaslabor.de\/blog\/wp-json\/wp\/v2\/posts"}],"about":[{"href":"http:\/\/www.editiondaslabor.de\/blog\/wp-json\/wp\/v2\/types\/post"}],"author":[{"embeddable":true,"href":"http:\/\/www.editiondaslabor.de\/blog\/wp-json\/wp\/v2\/users\/98"}],"replies":[{"embeddable":true,"href":"http:\/\/www.editiondaslabor.de\/blog\/wp-json\/wp\/v2\/comments?post=85468"}],"version-history":[{"count":0,"href":"http:\/\/www.editiondaslabor.de\/blog\/wp-json\/wp\/v2\/posts\/85468\/revisions"}],"wp:featuredmedia":[{"embeddable":true,"href":"http:\/\/www.editiondaslabor.de\/blog\/wp-json\/"}],"wp:attachment":[{"href":"http:\/\/www.editiondaslabor.de\/blog\/wp-json\/wp\/v2\/media?parent=85468"}],"wp:term":[{"taxonomy":"category","embeddable":true,"href":"http:\/\/www.editiondaslabor.de\/blog\/wp-json\/wp\/v2\/categories?post=85468"},{"taxonomy":"post_tag","embeddable":true,"href":"http:\/\/www.editiondaslabor.de\/blog\/wp-json\/wp\/v2\/tags?post=85468"}],"curies":[{"name":"wp","href":"https:\/\/api.w.org\/{rel}","templated":true}]}}