{"id":85112,"date":"2022-04-23T00:01:56","date_gmt":"2022-04-22T22:01:56","guid":{"rendered":"http:\/\/www.editiondaslabor.de\/blog\/?p=85112"},"modified":"2024-12-16T14:05:59","modified_gmt":"2024-12-16T13:05:59","slug":"das-totholzgebiet","status":"publish","type":"post","link":"http:\/\/www.editiondaslabor.de\/blog\/2022\/04\/23\/das-totholzgebiet\/","title":{"rendered":"Das Totholzgebiet"},"content":{"rendered":"<p>&nbsp;<\/p>\n<div id=\"attachment_85113\" style=\"width: 1546px\" class=\"wp-caption aligncenter\"><a href=\"http:\/\/www.editiondaslabor.de\/blog\/wp-content\/uploads\/2021\/06\/Totholz.jpg\"><img loading=\"lazy\" decoding=\"async\" aria-describedby=\"caption-attachment-85113\" class=\"wp-image-85113 size-full\" src=\"http:\/\/www.editiondaslabor.de\/blog\/wp-content\/uploads\/2021\/06\/Totholz.jpg\" alt=\"\" width=\"1536\" height=\"2048\" srcset=\"http:\/\/www.editiondaslabor.de\/blog\/wp-content\/uploads\/2021\/06\/Totholz.jpg 1536w, http:\/\/www.editiondaslabor.de\/blog\/wp-content\/uploads\/2021\/06\/Totholz-225x300.jpg 225w, http:\/\/www.editiondaslabor.de\/blog\/wp-content\/uploads\/2021\/06\/Totholz-768x1024.jpg 768w, http:\/\/www.editiondaslabor.de\/blog\/wp-content\/uploads\/2021\/06\/Totholz-1152x1536.jpg 1152w, http:\/\/www.editiondaslabor.de\/blog\/wp-content\/uploads\/2021\/06\/Totholz-560x747.jpg 560w, http:\/\/www.editiondaslabor.de\/blog\/wp-content\/uploads\/2021\/06\/Totholz-260x347.jpg 260w, http:\/\/www.editiondaslabor.de\/blog\/wp-content\/uploads\/2021\/06\/Totholz-160x213.jpg 160w\" sizes=\"auto, (max-width: 1536px) 100vw, 1536px\" \/><\/a><p id=\"caption-attachment-85113\" class=\"wp-caption-text\">Was der Borkenk\u00e4fer \u00fcbriglies f\u00fcr den Tag des Buches<\/p><\/div>\n<p style=\"text-align: justify;\">F\u00fcr den Tag des Buches einen Lesekanon zusammenzustellen ist ein Ding der Unm\u00f6glichkeit.\u00a0Viel zu viele partikulare Forderungen \u00fcberformen den Entscheidungsprozess. Anspr\u00fcche von Minderheiten nach Repr\u00e4sentation und Anerkennung und der Druck tagespolitischer Postulate lassen es kaum mehr zu, da\u00df man sich der Frage stellt, um die es eigentlich geht: An welchen Texten l\u00e4\u00dft sich zeigen, wie Literatur menschliche Grunderfahrungen reflektieren kann. Da\u00df es Texte gibt, die unabh\u00e4ngig davon, wer sie wann geschrieben hat, exemplarisch sind f\u00fcr das, was Menschen erleben und erleiden, was sie in Hochstimmung versetzt und was sie zerst\u00f6rt, was ihnen Hoffnung gibt und was sie verzweifeln l\u00e4sst, wozu sie f\u00e4hig sind und was sie am Leben h\u00e4lt, dies hat ein Literatur-Betrieb aus dem Blick verloren, der Menschen nicht mehr als Menschen sieht, sondern nur noch als Vertreter von Gruppen wahrnehmen kann. Ein Buch muss keinen Nutzen haben. In der Zeit des Digitalen erlebt die Frage nach der Materialit\u00e4t von Literatur eine neue Bl\u00fcte. Grund f\u00fcr KUNO auf den <a href=\"http:\/\/www.editiondaslabor.de\/blog\/2021\/03\/02\/alter-holzweg\/\">alten Holzweg<\/a> zur\u00fcckzukehren.<\/p>\n<p>&nbsp;<\/p>\n<p style=\"text-align: center;\">***<\/p>\n<div id=\"attachment_98688\" style=\"width: 310px\" class=\"wp-caption alignleft\"><img loading=\"lazy\" decoding=\"async\" aria-describedby=\"caption-attachment-98688\" class=\"wp-image-98688 size-medium\" src=\"http:\/\/www.editiondaslabor.de\/blog\/wp-content\/uploads\/2021\/12\/Faszikel_Kuenstlerbuch-300x211.jpg\" alt=\"\" width=\"300\" height=\"211\" \/><p id=\"caption-attachment-98688\" class=\"wp-caption-text\">Faszikel, Radierung von Haimo Hieronymus<\/p><\/div>\n<p style=\"text-align: justify;\"><strong>Weiterf\u00fchrend\u00a0\u2192\u00a0<\/strong><\/p>\n<p style=\"text-align: justify;\">Zum Thema K\u00fcnstlerb\u00fccher finden Sie hier einen <a href=\"http:\/\/www.editiondaslabor.de\/blog\/?p=12840\">Essay<\/a> sowie ein <a href=\"http:\/\/www.editiondaslabor.de\/blog\/?p=834\">Artikel<\/a> von J.C. Albers. Vertiefend auch das <a href=\"http:\/\/www.editiondaslabor.de\/blog\/?p=21407\">Kollegengespr\u00e4ch<\/a> mit Haimo Hieronymus \u00fcber Material, Medium und Faszination des Werkstoffs Papier.<\/p>\n<p style=\"text-align: justify;\">K\u00fcnstlerb\u00fccher verstehen diese Artisten als Physiognomik, der B\u00fcchersammler wird somit zum Physiognomiker der Dingwelt. Die bibliophilen Kostbarkeiten sind erh\u00e4ltlich \u00fcber die Werkstattgalerie Der Bogen, Tel. 0173 7276421<\/p>\n","protected":false},"excerpt":{"rendered":"<p>&nbsp; F\u00fcr den Tag des Buches einen Lesekanon zusammenzustellen ist ein Ding der Unm\u00f6glichkeit.\u00a0Viel zu viele partikulare Forderungen \u00fcberformen den Entscheidungsprozess. Anspr\u00fcche von Minderheiten nach Repr\u00e4sentation und Anerkennung und der Druck tagespolitischer Postulate lassen es kaum mehr zu, da\u00df man&hellip;<\/p>\n<p class=\"more-link-p\"><a class=\"more-link\" href=\"http:\/\/www.editiondaslabor.de\/blog\/2022\/04\/23\/das-totholzgebiet\/\">Read more &rarr;<\/a><\/p>\n","protected":false},"author":53,"featured_media":98669,"comment_status":"closed","ping_status":"closed","sticky":false,"template":"","format":"standard","meta":{"footnotes":""},"categories":[1],"tags":[918],"class_list":["post-85112","post","type-post","status-publish","format-standard","has-post-thumbnail","hentry","category-literatur","tag-angelika-janz"],"_links":{"self":[{"href":"http:\/\/www.editiondaslabor.de\/blog\/wp-json\/wp\/v2\/posts\/85112","targetHints":{"allow":["GET"]}}],"collection":[{"href":"http:\/\/www.editiondaslabor.de\/blog\/wp-json\/wp\/v2\/posts"}],"about":[{"href":"http:\/\/www.editiondaslabor.de\/blog\/wp-json\/wp\/v2\/types\/post"}],"author":[{"embeddable":true,"href":"http:\/\/www.editiondaslabor.de\/blog\/wp-json\/wp\/v2\/users\/53"}],"replies":[{"embeddable":true,"href":"http:\/\/www.editiondaslabor.de\/blog\/wp-json\/wp\/v2\/comments?post=85112"}],"version-history":[{"count":3,"href":"http:\/\/www.editiondaslabor.de\/blog\/wp-json\/wp\/v2\/posts\/85112\/revisions"}],"predecessor-version":[{"id":106514,"href":"http:\/\/www.editiondaslabor.de\/blog\/wp-json\/wp\/v2\/posts\/85112\/revisions\/106514"}],"wp:featuredmedia":[{"embeddable":true,"href":"http:\/\/www.editiondaslabor.de\/blog\/wp-json\/wp\/v2\/media\/98669"}],"wp:attachment":[{"href":"http:\/\/www.editiondaslabor.de\/blog\/wp-json\/wp\/v2\/media?parent=85112"}],"wp:term":[{"taxonomy":"category","embeddable":true,"href":"http:\/\/www.editiondaslabor.de\/blog\/wp-json\/wp\/v2\/categories?post=85112"},{"taxonomy":"post_tag","embeddable":true,"href":"http:\/\/www.editiondaslabor.de\/blog\/wp-json\/wp\/v2\/tags?post=85112"}],"curies":[{"name":"wp","href":"https:\/\/api.w.org\/{rel}","templated":true}]}}