{"id":85019,"date":"2000-06-09T00:01:26","date_gmt":"2000-06-08T22:01:26","guid":{"rendered":"http:\/\/www.editiondaslabor.de\/blog\/?p=85019"},"modified":"2021-06-03T09:30:42","modified_gmt":"2021-06-03T07:30:42","slug":"bleich-steht","status":"publish","type":"post","link":"http:\/\/www.editiondaslabor.de\/blog\/2000\/06\/09\/bleich-steht\/","title":{"rendered":"Bleich steht"},"content":{"rendered":"<p>&nbsp;<\/p>\n<div id=\"attachment_85021\" style=\"width: 1415px\" class=\"wp-caption aligncenter\"><a href=\"http:\/\/www.editiondaslabor.de\/blog\/wp-content\/uploads\/2000\/06\/Bleich-steht.jpg\"><img loading=\"lazy\" decoding=\"async\" aria-describedby=\"caption-attachment-85021\" class=\"wp-image-85021 size-full\" src=\"http:\/\/www.editiondaslabor.de\/blog\/wp-content\/uploads\/2000\/06\/Bleich-steht.jpg\" alt=\"\" width=\"1405\" height=\"2048\" srcset=\"http:\/\/www.editiondaslabor.de\/blog\/wp-content\/uploads\/2000\/06\/Bleich-steht.jpg 1405w, http:\/\/www.editiondaslabor.de\/blog\/wp-content\/uploads\/2000\/06\/Bleich-steht-206x300.jpg 206w, http:\/\/www.editiondaslabor.de\/blog\/wp-content\/uploads\/2000\/06\/Bleich-steht-703x1024.jpg 703w, http:\/\/www.editiondaslabor.de\/blog\/wp-content\/uploads\/2000\/06\/Bleich-steht-768x1119.jpg 768w, http:\/\/www.editiondaslabor.de\/blog\/wp-content\/uploads\/2000\/06\/Bleich-steht-1054x1536.jpg 1054w, http:\/\/www.editiondaslabor.de\/blog\/wp-content\/uploads\/2000\/06\/Bleich-steht-560x816.jpg 560w, http:\/\/www.editiondaslabor.de\/blog\/wp-content\/uploads\/2000\/06\/Bleich-steht-260x379.jpg 260w, http:\/\/www.editiondaslabor.de\/blog\/wp-content\/uploads\/2000\/06\/Bleich-steht-160x233.jpg 160w\" sizes=\"auto, (max-width: 1405px) 100vw, 1405px\" \/><\/a><p id=\"caption-attachment-85021\" class=\"wp-caption-text\">fragmentiert und wieder komplettiert aus Jandl&#8217;s &#8222;Ich will nicht&#8230;.&#8220;<\/p><\/div>\n<p>&nbsp;<\/p>\n<p><strong>Weiterf\u00fchrend\u00a0\u2192\u00a0<\/strong><\/p>\n<p style=\"text-align: justify\">Lesen Sie auch das <a href=\"http:\/\/www.editiondaslabor.de\/blog\/?p=36409\">Kollegengespr\u00e4ch<\/a>, das A.J. Weigoni mit Angelika Janz \u00fcber den Zyklus <em>fern, fern<\/em> gef\u00fchrt hat. Vertiefend ein <a href=\"http:\/\/www.editiondaslabor.de\/blog\/?p=22835\">Portr\u00e4t <\/a>\u00fcber ihre interdisziplin\u00e4re T\u00e4tigkeit, sowie einen <a href=\"http:\/\/www.editiondaslabor.de\/blog\/?p=29450\">Essay<\/a> der <em>Fragmenttexterin<\/em>. Ebenfalls im KUNO-Archiv: Jan Kuhlbrodt mit einer <a href=\"http:\/\/www.editiondaslabor.de\/blog\/2012\/11\/05\/asthetische-prothetik\/\">Ann\u00e4herung<\/a> an die visuellen Arbeiten von Angelika Janz. Und nicht zuletzt, Michael Gratz \u00fcber Angelika Janz\u2018<a href=\"http:\/\/www.editiondaslabor.de\/blog\/2012\/11\/05\/freiraum\/\"> tEXt bILd<\/a><\/p>\n","protected":false},"excerpt":{"rendered":"<p>&nbsp; &nbsp; Weiterf\u00fchrend\u00a0\u2192\u00a0 Lesen Sie auch das Kollegengespr\u00e4ch, das A.J. Weigoni mit Angelika Janz \u00fcber den Zyklus fern, fern gef\u00fchrt hat. Vertiefend ein Portr\u00e4t \u00fcber ihre interdisziplin\u00e4re T\u00e4tigkeit, sowie einen Essay der Fragmenttexterin. Ebenfalls im KUNO-Archiv: Jan Kuhlbrodt mit einer&hellip;<\/p>\n<p class=\"more-link-p\"><a class=\"more-link\" href=\"http:\/\/www.editiondaslabor.de\/blog\/2000\/06\/09\/bleich-steht\/\">Read more &rarr;<\/a><\/p>\n","protected":false},"author":53,"featured_media":85021,"comment_status":"closed","ping_status":"closed","sticky":false,"template":"","format":"standard","meta":{"footnotes":""},"categories":[1],"tags":[918,255],"class_list":["post-85019","post","type-post","status-publish","format-standard","has-post-thumbnail","hentry","category-literatur","tag-angelika-janz","tag-ernst-jandl"],"_links":{"self":[{"href":"http:\/\/www.editiondaslabor.de\/blog\/wp-json\/wp\/v2\/posts\/85019","targetHints":{"allow":["GET"]}}],"collection":[{"href":"http:\/\/www.editiondaslabor.de\/blog\/wp-json\/wp\/v2\/posts"}],"about":[{"href":"http:\/\/www.editiondaslabor.de\/blog\/wp-json\/wp\/v2\/types\/post"}],"author":[{"embeddable":true,"href":"http:\/\/www.editiondaslabor.de\/blog\/wp-json\/wp\/v2\/users\/53"}],"replies":[{"embeddable":true,"href":"http:\/\/www.editiondaslabor.de\/blog\/wp-json\/wp\/v2\/comments?post=85019"}],"version-history":[{"count":0,"href":"http:\/\/www.editiondaslabor.de\/blog\/wp-json\/wp\/v2\/posts\/85019\/revisions"}],"wp:featuredmedia":[{"embeddable":true,"href":"http:\/\/www.editiondaslabor.de\/blog\/wp-json\/"}],"wp:attachment":[{"href":"http:\/\/www.editiondaslabor.de\/blog\/wp-json\/wp\/v2\/media?parent=85019"}],"wp:term":[{"taxonomy":"category","embeddable":true,"href":"http:\/\/www.editiondaslabor.de\/blog\/wp-json\/wp\/v2\/categories?post=85019"},{"taxonomy":"post_tag","embeddable":true,"href":"http:\/\/www.editiondaslabor.de\/blog\/wp-json\/wp\/v2\/tags?post=85019"}],"curies":[{"name":"wp","href":"https:\/\/api.w.org\/{rel}","templated":true}]}}