{"id":84659,"date":"1995-08-16T00:01:01","date_gmt":"1995-08-15T22:01:01","guid":{"rendered":"http:\/\/www.editiondaslabor.de\/blog\/?p=84659"},"modified":"2022-05-13T14:36:07","modified_gmt":"2022-05-13T12:36:07","slug":"ueber-griechische-lyrik","status":"publish","type":"post","link":"http:\/\/www.editiondaslabor.de\/blog\/1995\/08\/16\/ueber-griechische-lyrik\/","title":{"rendered":"\u00dcber griechische Lyrik"},"content":{"rendered":"<p>&nbsp;<\/p>\n<p style=\"text-align: justify;\">Ich werde dieses Semester einen Kursus \u00fcber griechische Lyrik veranstalten. G\u00e4nzlich unphilologisch. Sappho, Anakreon, Pindar sollen durchaus mit der ihnen geb\u00fchrenden Achtung behandelt werden. Wie Dichter. Es wird gelesen, nicht emendiert, und keine Grammatik getrieben.<\/p>\n<p style=\"text-align: justify;\">Die griechische Lyrik hat im Gegensatz zu den Sicherheitsvorrichtungen der Hochbahn, den Syndikaten und Kartellen, den Rechten und Pflichten des Staatsb\u00fcrgers, den Grundprinzipien des modernen Parteilebens die Eigenschaft \u2013 f\u00fcr das moderne praktische Leben v\u00f6llig belanglos zu sein. Nicht einmal zur allgemeinen Bildung geh\u00f6rt es, sich mit griechischer Lyrik zu befassen. Man \u00bbmu\u00df\u00ab sie keineswegs gelesen haben. Man imponiert keinem Menschen damit, wenn man sie gelesen hat.<\/p>\n<p>&nbsp;<\/p>\n<p>&nbsp;<\/p>\n<p>&nbsp;<\/p>\n<p style=\"text-align: center;\">***<\/p>\n<div>\n<p style=\"text-align: justify;\"><a href=\"http:\/\/www.editiondaslabor.de\/blog\/wp-content\/uploads\/2011\/01\/Jacob_van_Hoddis.jpg\"><img loading=\"lazy\" decoding=\"async\" class=\"size-medium wp-image-84551 alignleft\" src=\"http:\/\/www.editiondaslabor.de\/blog\/wp-content\/uploads\/2011\/01\/Jacob_van_Hoddis-204x300.jpg\" alt=\"\" width=\"204\" height=\"300\" srcset=\"http:\/\/www.editiondaslabor.de\/blog\/wp-content\/uploads\/2011\/01\/Jacob_van_Hoddis-204x300.jpg 204w, http:\/\/www.editiondaslabor.de\/blog\/wp-content\/uploads\/2011\/01\/Jacob_van_Hoddis-260x382.jpg 260w, http:\/\/www.editiondaslabor.de\/blog\/wp-content\/uploads\/2011\/01\/Jacob_van_Hoddis-160x235.jpg 160w, http:\/\/www.editiondaslabor.de\/blog\/wp-content\/uploads\/2011\/01\/Jacob_van_Hoddis.jpg 374w\" sizes=\"auto, (max-width: 204px) 100vw, 204px\" \/><\/a>Jakob van Hoddis (Geburtsname<span class=\"apple-converted-space\">\u00a0<\/span><i>Hans Davidsohn<\/i>; * 16. Mai 1887 in Berlin; \u2020 1942 in Sobib\u00f3r, &#8222;Generalgouvernement&#8220;) war ein deutscher Dichter des literarischen Expressionismus. Er ist besonders bekannt f\u00fcr das Gedicht<span class=\"apple-converted-space\">\u00a0<\/span><a href=\"http:\/\/www.editiondaslabor.de\/blog\/2011\/01\/11\/weltende-2\/\"><i>Weltende<\/i><\/a>, ein Werk aus der Anfangszeit des Expressionismus. KUNO m\u00f6chte den Lyriker nicht auf dieses <span class=\"aCOpRe\"><em>One<\/em>&#8211;<em>Hit<\/em>&#8211;<em>Wonder<\/em> reduziert wissen.\u00a0<\/span>70 weitere Gedichte erschienen in den Avantgardezeitschriften<span class=\"apple-converted-space\">\u00a0<\/span><i>Die Aktion<\/i><span class=\"apple-converted-space\">\u00a0<\/span>und<span class=\"apple-converted-space\">\u00a0<\/span><i>Der Sturm<\/i>. Sein lyrisches Werk ist vor allem gekennzeichnet durch starke Chiffrenhaftigkeit und dadaistische Elemente. Viele seiner Gedichte zeigen einen skurril-grotesken Inhalt, vermischt mit naiven und schwarz-humoristischen Formulierungen.<\/p>\n<div>\n<div style=\"text-align: justify;\"><strong>Weiterf\u00fchrend \u2192<\/strong><\/div>\n<div style=\"text-align: justify;\">Poesie z\u00e4hlt f\u00fcr KUNO weiterhin zu den identit\u00e4ts- und identifikationstiftenden Elementen einer Kultur, dies bezeugte auch der Versuch einer <a href=\"http:\/\/www.editiondaslabor.de\/blog\/?p=25630\">poetologischen Positionsbestimmung<\/a>.<\/div>\n<\/div>\n<\/div>\n","protected":false},"excerpt":{"rendered":"<p>&nbsp; Ich werde dieses Semester einen Kursus \u00fcber griechische Lyrik veranstalten. G\u00e4nzlich unphilologisch. Sappho, Anakreon, Pindar sollen durchaus mit der ihnen geb\u00fchrenden Achtung behandelt werden. Wie Dichter. Es wird gelesen, nicht emendiert, und keine Grammatik getrieben. Die griechische Lyrik hat&hellip;<\/p>\n<p class=\"more-link-p\"><a class=\"more-link\" href=\"http:\/\/www.editiondaslabor.de\/blog\/1995\/08\/16\/ueber-griechische-lyrik\/\">Read more &rarr;<\/a><\/p>\n","protected":false},"author":223,"featured_media":99385,"comment_status":"closed","ping_status":"closed","sticky":false,"template":"","format":"standard","meta":{"footnotes":""},"categories":[1],"tags":[2940],"class_list":["post-84659","post","type-post","status-publish","format-standard","has-post-thumbnail","hentry","category-literatur","tag-jakob-van-hoddis"],"_links":{"self":[{"href":"http:\/\/www.editiondaslabor.de\/blog\/wp-json\/wp\/v2\/posts\/84659","targetHints":{"allow":["GET"]}}],"collection":[{"href":"http:\/\/www.editiondaslabor.de\/blog\/wp-json\/wp\/v2\/posts"}],"about":[{"href":"http:\/\/www.editiondaslabor.de\/blog\/wp-json\/wp\/v2\/types\/post"}],"author":[{"embeddable":true,"href":"http:\/\/www.editiondaslabor.de\/blog\/wp-json\/wp\/v2\/users\/223"}],"replies":[{"embeddable":true,"href":"http:\/\/www.editiondaslabor.de\/blog\/wp-json\/wp\/v2\/comments?post=84659"}],"version-history":[{"count":3,"href":"http:\/\/www.editiondaslabor.de\/blog\/wp-json\/wp\/v2\/posts\/84659\/revisions"}],"predecessor-version":[{"id":103043,"href":"http:\/\/www.editiondaslabor.de\/blog\/wp-json\/wp\/v2\/posts\/84659\/revisions\/103043"}],"wp:featuredmedia":[{"embeddable":true,"href":"http:\/\/www.editiondaslabor.de\/blog\/wp-json\/wp\/v2\/media\/99385"}],"wp:attachment":[{"href":"http:\/\/www.editiondaslabor.de\/blog\/wp-json\/wp\/v2\/media?parent=84659"}],"wp:term":[{"taxonomy":"category","embeddable":true,"href":"http:\/\/www.editiondaslabor.de\/blog\/wp-json\/wp\/v2\/categories?post=84659"},{"taxonomy":"post_tag","embeddable":true,"href":"http:\/\/www.editiondaslabor.de\/blog\/wp-json\/wp\/v2\/tags?post=84659"}],"curies":[{"name":"wp","href":"https:\/\/api.w.org\/{rel}","templated":true}]}}