{"id":84633,"date":"2009-06-16T00:01:26","date_gmt":"2009-06-15T22:01:26","guid":{"rendered":"http:\/\/www.editiondaslabor.de\/blog\/?p=84633"},"modified":"2021-05-24T08:26:23","modified_gmt":"2021-05-24T06:26:23","slug":"stachlige-opuntien-ii","status":"publish","type":"post","link":"http:\/\/www.editiondaslabor.de\/blog\/2009\/06\/16\/stachlige-opuntien-ii\/","title":{"rendered":"Stachlige Opuntien II"},"content":{"rendered":"<p>&nbsp;<\/p>\n<p style=\"text-align: justify\">Durch seinen Eintritt in die F.W.V. gibt man zu, da\u00df man einen wissenschaftlichen Verkehr f\u00fcr n\u00fctzlich h\u00e4lt. Der Nutzen dieses Verkehrs kann unm\u00f6glich in der Sammlung von allerlei Kenntnissen bestehen, denn wenn es auf Kenntnisse ank\u00e4me, w\u00e4re ein Konversationslexikon weiser als Sokrates. Die F\u00f6rderung durch die geistige T\u00e4tigkeit kann nur in der F\u00f6rderung der geistigen T\u00e4tigkeit bestehen. Darauf kommt es an. Nicht darauf, da\u00df man seine Phrasen spazieren f\u00fchrt und sie eine Weltanschauung benamst. Jede Ansicht ist beschr\u00e4nkt, nur wer immer strebend sich bem\u00fcht, kann sich aus Beschr\u00e4nkung und Beschr\u00e4nktheit erl\u00f6sen.<\/p>\n<p>&nbsp;<\/p>\n<p>&nbsp;<\/p>\n<p style=\"text-align: center\">***<\/p>\n<div>\n<p style=\"text-align: justify\"><a href=\"http:\/\/www.editiondaslabor.de\/blog\/wp-content\/uploads\/2011\/01\/Jacob_van_Hoddis.jpg\"><img loading=\"lazy\" decoding=\"async\" class=\"size-medium wp-image-84551 alignleft\" src=\"http:\/\/www.editiondaslabor.de\/blog\/wp-content\/uploads\/2011\/01\/Jacob_van_Hoddis-204x300.jpg\" alt=\"\" width=\"204\" height=\"300\" srcset=\"http:\/\/www.editiondaslabor.de\/blog\/wp-content\/uploads\/2011\/01\/Jacob_van_Hoddis-204x300.jpg 204w, http:\/\/www.editiondaslabor.de\/blog\/wp-content\/uploads\/2011\/01\/Jacob_van_Hoddis-260x382.jpg 260w, http:\/\/www.editiondaslabor.de\/blog\/wp-content\/uploads\/2011\/01\/Jacob_van_Hoddis-160x235.jpg 160w, http:\/\/www.editiondaslabor.de\/blog\/wp-content\/uploads\/2011\/01\/Jacob_van_Hoddis.jpg 374w\" sizes=\"auto, (max-width: 204px) 100vw, 204px\" \/><\/a><\/p>\n<div>\n<div>\n<p style=\"text-align: justify\">Jakob van Hoddis (Geburtsname<span class=\"apple-converted-space\">\u00a0<\/span><i>Hans Davidsohn<\/i>; * 16. Mai 1887 in Berlin; \u2020 1942 in Sobib\u00f3r, &#8222;Generalgouvernement&#8220;) war ein deutscher Dichter des literarischen Expressionismus. Er ist besonders bekannt f\u00fcr das Gedicht<span class=\"apple-converted-space\">\u00a0<\/span><a href=\"http:\/\/www.editiondaslabor.de\/blog\/2011\/01\/11\/weltende-2\/\"><i>Weltende<\/i><\/a>, ein Werk aus der Anfangszeit des Expressionismus. KUNO m\u00f6chte den Lyriker nicht auf dieses <span class=\"aCOpRe\"><em>One<\/em>&#8211;<em>Hit<\/em>&#8211;<em>Wonder<\/em> reduziert wissen, die Redaktion entdeckt in seiner Kurzprosa einen Vorl\u00e4ufer der neuen Literaturrichtung <em>Twitteratur<\/em> und macht es sich zur Aufgabe an diesen Sprachwitzigen Autor zu erinnern.<\/span><\/p>\n<p style=\"text-align: justify\"><strong>Weiterf\u00fchrend\u00a0\u2192 <\/strong>ein Essay \u00fcber die neue Literaturgattung <a href=\"http:\/\/www.editiondaslabor.de\/blog\/?p=22423\"><em>Twitteratur.<\/em><\/a><\/p>\n<\/div>\n<\/div>\n<\/div>\n","protected":false},"excerpt":{"rendered":"<p>&nbsp; Durch seinen Eintritt in die F.W.V. gibt man zu, da\u00df man einen wissenschaftlichen Verkehr f\u00fcr n\u00fctzlich h\u00e4lt. Der Nutzen dieses Verkehrs kann unm\u00f6glich in der Sammlung von allerlei Kenntnissen bestehen, denn wenn es auf Kenntnisse ank\u00e4me, w\u00e4re ein Konversationslexikon&hellip;<\/p>\n<p class=\"more-link-p\"><a class=\"more-link\" href=\"http:\/\/www.editiondaslabor.de\/blog\/2009\/06\/16\/stachlige-opuntien-ii\/\">Read more &rarr;<\/a><\/p>\n","protected":false},"author":223,"featured_media":84551,"comment_status":"closed","ping_status":"closed","sticky":false,"template":"","format":"standard","meta":{"footnotes":""},"categories":[1],"tags":[2940],"class_list":["post-84633","post","type-post","status-publish","format-standard","has-post-thumbnail","hentry","category-literatur","tag-jakob-van-hoddis"],"_links":{"self":[{"href":"http:\/\/www.editiondaslabor.de\/blog\/wp-json\/wp\/v2\/posts\/84633","targetHints":{"allow":["GET"]}}],"collection":[{"href":"http:\/\/www.editiondaslabor.de\/blog\/wp-json\/wp\/v2\/posts"}],"about":[{"href":"http:\/\/www.editiondaslabor.de\/blog\/wp-json\/wp\/v2\/types\/post"}],"author":[{"embeddable":true,"href":"http:\/\/www.editiondaslabor.de\/blog\/wp-json\/wp\/v2\/users\/223"}],"replies":[{"embeddable":true,"href":"http:\/\/www.editiondaslabor.de\/blog\/wp-json\/wp\/v2\/comments?post=84633"}],"version-history":[{"count":0,"href":"http:\/\/www.editiondaslabor.de\/blog\/wp-json\/wp\/v2\/posts\/84633\/revisions"}],"wp:featuredmedia":[{"embeddable":true,"href":"http:\/\/www.editiondaslabor.de\/blog\/wp-json\/"}],"wp:attachment":[{"href":"http:\/\/www.editiondaslabor.de\/blog\/wp-json\/wp\/v2\/media?parent=84633"}],"wp:term":[{"taxonomy":"category","embeddable":true,"href":"http:\/\/www.editiondaslabor.de\/blog\/wp-json\/wp\/v2\/categories?post=84633"},{"taxonomy":"post_tag","embeddable":true,"href":"http:\/\/www.editiondaslabor.de\/blog\/wp-json\/wp\/v2\/tags?post=84633"}],"curies":[{"name":"wp","href":"https:\/\/api.w.org\/{rel}","templated":true}]}}