{"id":84581,"date":"2007-05-16T00:01:07","date_gmt":"2007-05-15T22:01:07","guid":{"rendered":"http:\/\/www.editiondaslabor.de\/blog\/?p=84581"},"modified":"2021-10-09T16:34:38","modified_gmt":"2021-10-09T14:34:38","slug":"der-visionarr","status":"publish","type":"post","link":"http:\/\/www.editiondaslabor.de\/blog\/2007\/05\/16\/der-visionarr\/","title":{"rendered":"Der Visionarr"},"content":{"rendered":"<p>&nbsp;<\/p>\n<p>Lampe bl\u00f6ck nicht.<\/p>\n<p>Aus der Wand fuhr ein d\u00fcnner Frauenarm.<\/p>\n<p>Er war bleich und blau ge\u00e4dert.<\/p>\n<p>Die Finger waren mit kostbaren Ringen bepatzt.<\/p>\n<p>Als ich die Hand k\u00fc\u00dfte, erschrak ich:<\/p>\n<p>Sie war lebendig und warm.<\/p>\n<p>Das Gesicht wurde mir zerkratzt.<\/p>\n<p>Ich nahm ein K\u00fcchenmesser und zerschnitt ein paar Adern.<\/p>\n<p>Eine gro\u00dfe Katze leckte zierlich das Blut vom Boden auf.<\/p>\n<p>Ein Mann indes kroch mit gestr\u00e4ubten Haaren<\/p>\n<p>Einen schr\u00e4g an die Wand gelegten Besenstiel hinauf.<\/p>\n<p>&nbsp;<\/p>\n<p>&nbsp;<\/p>\n<p style=\"text-align: center;\">***<\/p>\n<div>\n<p style=\"text-align: justify;\"><a href=\"http:\/\/www.editiondaslabor.de\/blog\/wp-content\/uploads\/2011\/01\/Jacob_van_Hoddis.jpg\"><img loading=\"lazy\" decoding=\"async\" class=\"size-medium wp-image-84551 alignleft\" src=\"http:\/\/www.editiondaslabor.de\/blog\/wp-content\/uploads\/2011\/01\/Jacob_van_Hoddis-204x300.jpg\" alt=\"\" width=\"204\" height=\"300\" srcset=\"http:\/\/www.editiondaslabor.de\/blog\/wp-content\/uploads\/2011\/01\/Jacob_van_Hoddis-204x300.jpg 204w, http:\/\/www.editiondaslabor.de\/blog\/wp-content\/uploads\/2011\/01\/Jacob_van_Hoddis-260x382.jpg 260w, http:\/\/www.editiondaslabor.de\/blog\/wp-content\/uploads\/2011\/01\/Jacob_van_Hoddis-160x235.jpg 160w, http:\/\/www.editiondaslabor.de\/blog\/wp-content\/uploads\/2011\/01\/Jacob_van_Hoddis.jpg 374w\" sizes=\"auto, (max-width: 204px) 100vw, 204px\" \/><\/a><\/p>\n<div>\n<div>\n<p style=\"text-align: justify;\">Jakob van Hoddis (Geburtsname<span class=\"apple-converted-space\">\u00a0<\/span><i>Hans Davidsohn<\/i>; * 16. Mai 1887 in Berlin; \u2020 1942 in Sobib\u00f3r, &#8222;Generalgouvernement&#8220;) war ein deutscher Dichter des literarischen Expressionismus. Er ist besonders bekannt f\u00fcr das Gedicht<span class=\"apple-converted-space\">\u00a0<\/span><a href=\"http:\/\/www.editiondaslabor.de\/blog\/2011\/01\/11\/weltende-2\/\"><i>Weltende<\/i><\/a>, ein Werk aus der Anfangszeit des Expressionismus. KUNO m\u00f6chte den Lyriker nicht auf dieses <span class=\"aCOpRe\"><em>One<\/em>&#8211;<em>Hit<\/em>&#8211;<em>Wonder<\/em> reduziert wissen.\u00a0<\/span>70 weitere Gedichte erschienen in den Avantgardezeitschriften<span class=\"apple-converted-space\">\u00a0<\/span><i>Die Aktion<\/i><span class=\"apple-converted-space\">\u00a0<\/span>und<span class=\"apple-converted-space\">\u00a0<\/span><i>Der Sturm<\/i>. Sein lyrisches Werk ist vor allem gekennzeichnet durch starke Chiffrenhaftigkeit und dadaistische Elemente. Viele seiner Gedichte zeigen einen skurril-grotesken Inhalt, vermischt mit naiven und schwarz-humoristischen Formulierungen.<\/p>\n<\/div>\n<div style=\"text-align: justify;\"><strong>Weiterf\u00fchrend \u2192<\/strong><\/div>\n<div style=\"text-align: justify;\">Poesie z\u00e4hlt f\u00fcr KUNO weiterhin zu den identit\u00e4ts- und identifikationstiftenden Elementen einer Kultur, dies bezeugte auch der Versuch einer <a href=\"http:\/\/www.editiondaslabor.de\/blog\/?p=25630\">poetologischen Positionsbestimmung<\/a>.<\/div>\n<\/div>\n<\/div>\n","protected":false},"excerpt":{"rendered":"<p>&nbsp; Lampe bl\u00f6ck nicht. Aus der Wand fuhr ein d\u00fcnner Frauenarm. Er war bleich und blau ge\u00e4dert. Die Finger waren mit kostbaren Ringen bepatzt. Als ich die Hand k\u00fc\u00dfte, erschrak ich: Sie war lebendig und warm. Das Gesicht wurde mir&hellip;<\/p>\n<p class=\"more-link-p\"><a class=\"more-link\" href=\"http:\/\/www.editiondaslabor.de\/blog\/2007\/05\/16\/der-visionarr\/\">Read more &rarr;<\/a><\/p>\n","protected":false},"author":223,"featured_media":84551,"comment_status":"closed","ping_status":"closed","sticky":false,"template":"","format":"standard","meta":{"footnotes":""},"categories":[1],"tags":[2940],"class_list":["post-84581","post","type-post","status-publish","format-standard","has-post-thumbnail","hentry","category-literatur","tag-jakob-van-hoddis"],"_links":{"self":[{"href":"http:\/\/www.editiondaslabor.de\/blog\/wp-json\/wp\/v2\/posts\/84581","targetHints":{"allow":["GET"]}}],"collection":[{"href":"http:\/\/www.editiondaslabor.de\/blog\/wp-json\/wp\/v2\/posts"}],"about":[{"href":"http:\/\/www.editiondaslabor.de\/blog\/wp-json\/wp\/v2\/types\/post"}],"author":[{"embeddable":true,"href":"http:\/\/www.editiondaslabor.de\/blog\/wp-json\/wp\/v2\/users\/223"}],"replies":[{"embeddable":true,"href":"http:\/\/www.editiondaslabor.de\/blog\/wp-json\/wp\/v2\/comments?post=84581"}],"version-history":[{"count":0,"href":"http:\/\/www.editiondaslabor.de\/blog\/wp-json\/wp\/v2\/posts\/84581\/revisions"}],"wp:featuredmedia":[{"embeddable":true,"href":"http:\/\/www.editiondaslabor.de\/blog\/wp-json\/"}],"wp:attachment":[{"href":"http:\/\/www.editiondaslabor.de\/blog\/wp-json\/wp\/v2\/media?parent=84581"}],"wp:term":[{"taxonomy":"category","embeddable":true,"href":"http:\/\/www.editiondaslabor.de\/blog\/wp-json\/wp\/v2\/categories?post=84581"},{"taxonomy":"post_tag","embeddable":true,"href":"http:\/\/www.editiondaslabor.de\/blog\/wp-json\/wp\/v2\/tags?post=84581"}],"curies":[{"name":"wp","href":"https:\/\/api.w.org\/{rel}","templated":true}]}}