{"id":84412,"date":"2008-08-22T00:01:24","date_gmt":"2008-08-21T22:01:24","guid":{"rendered":"http:\/\/www.editiondaslabor.de\/blog\/?p=84412"},"modified":"2022-02-17T17:56:45","modified_gmt":"2022-02-17T16:56:45","slug":"das-tempo-der-kulturellen-entwicklung","status":"publish","type":"post","link":"http:\/\/www.editiondaslabor.de\/blog\/2008\/08\/22\/das-tempo-der-kulturellen-entwicklung\/","title":{"rendered":"Das tempo der kulturellen entwicklung"},"content":{"rendered":"<p>&nbsp;<\/p>\n<p style=\"text-align: justify;\">Das tempo der kulturellen entwicklung leidet unter den nachz\u00fcglern. Ich lebe vielleicht im jahre 1908, mein nachbar aber lebt um 1900 und der dort im jahre 1880. Es ist ein ungl\u00fcck f\u00fcr einen staat, wenn sich die kultur seiner einwohner auf einen so gro\u00dfen zeitraum verteilt. Der kalser bauer lebt im zw\u00f6lften jahrhundert. Und im jubil\u00e4umsfestzuge gingen v\u00f6lkerschaften mit, die selbst w\u00e4hrend der v\u00f6lkerwanderung als r\u00fcckst\u00e4ndig empfunden worden w\u00e4ren. Gl\u00fccklich das land, das solche nachz\u00fcgler und marodeure nicht hat. Gl\u00fcckliches Amerika! Bei uns gibt es selbst in den st\u00e4dten unmoderne menschen, nachz\u00fcgler aus dem achtzehnten jahrhundert, die sich \u00fcber ein bild mit violetten schatten entsetzen, weil sie das violett noch nicht sehen k\u00f6nnen. Ihnen schmeckt der fasan besser, an dem der koch tagelang arbeitet, und die zigarettendose mit renaissance-ornamenten gef\u00e4llt ihnen besser als die glatte. Und wie stehts auf dem lande? Kleider und hausrat geh\u00f6ren durchwegs fr\u00fcheren jahrhunderten an. Der bauer ist kein christ, er ist noch ein heide.<\/p>\n<p>&nbsp;<\/p>\n<p>&nbsp;<\/p>\n<p style=\"text-align: center;\">***<\/p>\n<p><strong>Ornament und Verbrechen<\/strong>, von Adolf Loos, Wien 1908<\/p>\n<p style=\"text-align: justify;\"><a href=\"http:\/\/www.editiondaslabor.de\/blog\/wp-content\/uploads\/2009\/08\/Adolf_Loos_Ornament_und_Verbrechen_Plakat.jpg\"><img loading=\"lazy\" decoding=\"async\" class=\"size-medium wp-image-84374 alignleft\" src=\"http:\/\/www.editiondaslabor.de\/blog\/wp-content\/uploads\/2009\/08\/Adolf_Loos_Ornament_und_Verbrechen_Plakat-201x300.jpg\" alt=\"\" width=\"201\" height=\"300\" srcset=\"http:\/\/www.editiondaslabor.de\/blog\/wp-content\/uploads\/2009\/08\/Adolf_Loos_Ornament_und_Verbrechen_Plakat-201x300.jpg 201w, http:\/\/www.editiondaslabor.de\/blog\/wp-content\/uploads\/2009\/08\/Adolf_Loos_Ornament_und_Verbrechen_Plakat-687x1024.jpg 687w, http:\/\/www.editiondaslabor.de\/blog\/wp-content\/uploads\/2009\/08\/Adolf_Loos_Ornament_und_Verbrechen_Plakat-768x1144.jpg 768w, http:\/\/www.editiondaslabor.de\/blog\/wp-content\/uploads\/2009\/08\/Adolf_Loos_Ornament_und_Verbrechen_Plakat-1031x1536.jpg 1031w, http:\/\/www.editiondaslabor.de\/blog\/wp-content\/uploads\/2009\/08\/Adolf_Loos_Ornament_und_Verbrechen_Plakat-560x834.jpg 560w, http:\/\/www.editiondaslabor.de\/blog\/wp-content\/uploads\/2009\/08\/Adolf_Loos_Ornament_und_Verbrechen_Plakat-260x387.jpg 260w, http:\/\/www.editiondaslabor.de\/blog\/wp-content\/uploads\/2009\/08\/Adolf_Loos_Ornament_und_Verbrechen_Plakat-160x238.jpg 160w, http:\/\/www.editiondaslabor.de\/blog\/wp-content\/uploads\/2009\/08\/Adolf_Loos_Ornament_und_Verbrechen_Plakat.jpg 1208w\" sizes=\"auto, (max-width: 201px) 100vw, 201px\" \/><\/a>Adolf Loos war ein \u00f6sterreichischer Architekt, Architekturkritiker und Kulturpublizist. Er gilt als einer der Wegbereiter der modernen Architektur. Seine bekanteste Schrift ist der Vortrag <em>Ornament und Verbrechen<\/em> (1910). Darin wird argumentiert, dass Funktionalit\u00e4t und Abwesenheit von Ornamenten im Sinne menschlicher Kraftersparnis ein Zeichen hoher Kulturentwicklung seien und dass der moderne Mensch wirkliche Kunst allein im Sinne der Bildenden Kunst erschaffen k\u00f6nne. Ornamentale Verzierungen oder andere besondere k\u00fcnstlerische Gestaltungsversuche an einem Gebrauchsgegenstand seien eine ebenso unangemessene wie \u00fcberfl\u00fcssige Arbeit.<\/p>\n<p style=\"text-align: justify;\"><strong>Weiterf\u00fchrend\u00a0\u2192 <\/strong>ein Essay \u00fcber die neue Literaturgattung <a href=\"http:\/\/www.editiondaslabor.de\/blog\/?p=22423\"><em>Twitteratur.<\/em><\/a><\/p>\n","protected":false},"excerpt":{"rendered":"<p>&nbsp; Das tempo der kulturellen entwicklung leidet unter den nachz\u00fcglern. Ich lebe vielleicht im jahre 1908, mein nachbar aber lebt um 1900 und der dort im jahre 1880. Es ist ein ungl\u00fcck f\u00fcr einen staat, wenn sich die kultur seiner&hellip;<\/p>\n<p class=\"more-link-p\"><a class=\"more-link\" href=\"http:\/\/www.editiondaslabor.de\/blog\/2008\/08\/22\/das-tempo-der-kulturellen-entwicklung\/\">Read more &rarr;<\/a><\/p>\n","protected":false},"author":222,"featured_media":97999,"comment_status":"closed","ping_status":"closed","sticky":false,"template":"","format":"standard","meta":{"footnotes":""},"categories":[1],"tags":[2939],"class_list":["post-84412","post","type-post","status-publish","format-standard","has-post-thumbnail","hentry","category-literatur","tag-adolf-loos"],"_links":{"self":[{"href":"http:\/\/www.editiondaslabor.de\/blog\/wp-json\/wp\/v2\/posts\/84412","targetHints":{"allow":["GET"]}}],"collection":[{"href":"http:\/\/www.editiondaslabor.de\/blog\/wp-json\/wp\/v2\/posts"}],"about":[{"href":"http:\/\/www.editiondaslabor.de\/blog\/wp-json\/wp\/v2\/types\/post"}],"author":[{"embeddable":true,"href":"http:\/\/www.editiondaslabor.de\/blog\/wp-json\/wp\/v2\/users\/222"}],"replies":[{"embeddable":true,"href":"http:\/\/www.editiondaslabor.de\/blog\/wp-json\/wp\/v2\/comments?post=84412"}],"version-history":[{"count":1,"href":"http:\/\/www.editiondaslabor.de\/blog\/wp-json\/wp\/v2\/posts\/84412\/revisions"}],"predecessor-version":[{"id":98019,"href":"http:\/\/www.editiondaslabor.de\/blog\/wp-json\/wp\/v2\/posts\/84412\/revisions\/98019"}],"wp:featuredmedia":[{"embeddable":true,"href":"http:\/\/www.editiondaslabor.de\/blog\/wp-json\/wp\/v2\/media\/97999"}],"wp:attachment":[{"href":"http:\/\/www.editiondaslabor.de\/blog\/wp-json\/wp\/v2\/media?parent=84412"}],"wp:term":[{"taxonomy":"category","embeddable":true,"href":"http:\/\/www.editiondaslabor.de\/blog\/wp-json\/wp\/v2\/categories?post=84412"},{"taxonomy":"post_tag","embeddable":true,"href":"http:\/\/www.editiondaslabor.de\/blog\/wp-json\/wp\/v2\/tags?post=84412"}],"curies":[{"name":"wp","href":"https:\/\/api.w.org\/{rel}","templated":true}]}}