{"id":84390,"date":"2007-08-22T00:01:38","date_gmt":"2007-08-21T22:01:38","guid":{"rendered":"http:\/\/www.editiondaslabor.de\/blog\/?p=84390"},"modified":"2022-02-17T17:57:20","modified_gmt":"2022-02-17T16:57:20","slug":"ins-leere-gesprochen","status":"publish","type":"post","link":"http:\/\/www.editiondaslabor.de\/blog\/2007\/08\/22\/ins-leere-gesprochen\/","title":{"rendered":"Ins leere gesprochen"},"content":{"rendered":"<p>&nbsp;<\/p>\n<p style=\"text-align: justify;\">Die architektur geh\u00f6rt nicht unter die k\u00fcnste. Nur ein ganz kleiner teil der architektur geh\u00f6rt der kunst an: das grabmal und das denkmal. Alles, was einem zweck dient, ist aus dem reiche der kunst auszuschlie\u00dfen!<\/p>\n<p>&nbsp;<\/p>\n<p>&nbsp;<\/p>\n<p style=\"text-align: center;\">***<\/p>\n<p style=\"text-align: justify;\"><a href=\"http:\/\/www.editiondaslabor.de\/blog\/wp-content\/uploads\/2009\/08\/Adolf_Loos_Ornament_und_Verbrechen_Plakat.jpg\"><img loading=\"lazy\" decoding=\"async\" class=\"size-medium wp-image-84374 alignleft\" src=\"http:\/\/www.editiondaslabor.de\/blog\/wp-content\/uploads\/2009\/08\/Adolf_Loos_Ornament_und_Verbrechen_Plakat-201x300.jpg\" alt=\"\" width=\"201\" height=\"300\" srcset=\"http:\/\/www.editiondaslabor.de\/blog\/wp-content\/uploads\/2009\/08\/Adolf_Loos_Ornament_und_Verbrechen_Plakat-201x300.jpg 201w, http:\/\/www.editiondaslabor.de\/blog\/wp-content\/uploads\/2009\/08\/Adolf_Loos_Ornament_und_Verbrechen_Plakat-687x1024.jpg 687w, http:\/\/www.editiondaslabor.de\/blog\/wp-content\/uploads\/2009\/08\/Adolf_Loos_Ornament_und_Verbrechen_Plakat-768x1144.jpg 768w, http:\/\/www.editiondaslabor.de\/blog\/wp-content\/uploads\/2009\/08\/Adolf_Loos_Ornament_und_Verbrechen_Plakat-1031x1536.jpg 1031w, http:\/\/www.editiondaslabor.de\/blog\/wp-content\/uploads\/2009\/08\/Adolf_Loos_Ornament_und_Verbrechen_Plakat-560x834.jpg 560w, http:\/\/www.editiondaslabor.de\/blog\/wp-content\/uploads\/2009\/08\/Adolf_Loos_Ornament_und_Verbrechen_Plakat-260x387.jpg 260w, http:\/\/www.editiondaslabor.de\/blog\/wp-content\/uploads\/2009\/08\/Adolf_Loos_Ornament_und_Verbrechen_Plakat-160x238.jpg 160w, http:\/\/www.editiondaslabor.de\/blog\/wp-content\/uploads\/2009\/08\/Adolf_Loos_Ornament_und_Verbrechen_Plakat.jpg 1208w\" sizes=\"auto, (max-width: 201px) 100vw, 201px\" \/><\/a>Adolf Loos \u00a0war ein \u00f6sterreichischer Architekt, Architekturkritiker und Kulturpublizist. Er gilt als einer der Wegbereiter der modernen Architektur. Seine bekanteste Schrift ist der Vortrag <em>Ornament und Verbrechen<\/em> (1910). Darin wird argumentiert, dass Funktionalit\u00e4t und Abwesenheit von Ornamenten im Sinne menschlicher Kraftersparnis ein Zeichen hoher Kulturentwicklung seien und dass der moderne Mensch wirkliche Kunst allein im Sinne der Bildenden Kunst erschaffen k\u00f6nne. Ornamentale Verzierungen oder andere besondere k\u00fcnstlerische Gestaltungsversuche an einem Gebrauchsgegenstand seien eine ebenso unangemessene wie \u00fcberfl\u00fcssige Arbeit.<\/p>\n<p style=\"text-align: justify;\"><strong>Weiterf\u00fchrend\u00a0\u2192 <\/strong>ein Essay \u00fcber die neue Literaturgattung <a href=\"http:\/\/www.editiondaslabor.de\/blog\/?p=22423\"><em>Twitteratur.<\/em><\/a><\/p>\n","protected":false},"excerpt":{"rendered":"<p>&nbsp; Die architektur geh\u00f6rt nicht unter die k\u00fcnste. Nur ein ganz kleiner teil der architektur geh\u00f6rt der kunst an: das grabmal und das denkmal. Alles, was einem zweck dient, ist aus dem reiche der kunst auszuschlie\u00dfen! &nbsp; &nbsp; *** Adolf&hellip;<\/p>\n<p class=\"more-link-p\"><a class=\"more-link\" href=\"http:\/\/www.editiondaslabor.de\/blog\/2007\/08\/22\/ins-leere-gesprochen\/\">Read more &rarr;<\/a><\/p>\n","protected":false},"author":222,"featured_media":97999,"comment_status":"closed","ping_status":"closed","sticky":false,"template":"","format":"standard","meta":{"footnotes":""},"categories":[1],"tags":[2939],"class_list":["post-84390","post","type-post","status-publish","format-standard","has-post-thumbnail","hentry","category-literatur","tag-adolf-loos"],"_links":{"self":[{"href":"http:\/\/www.editiondaslabor.de\/blog\/wp-json\/wp\/v2\/posts\/84390","targetHints":{"allow":["GET"]}}],"collection":[{"href":"http:\/\/www.editiondaslabor.de\/blog\/wp-json\/wp\/v2\/posts"}],"about":[{"href":"http:\/\/www.editiondaslabor.de\/blog\/wp-json\/wp\/v2\/types\/post"}],"author":[{"embeddable":true,"href":"http:\/\/www.editiondaslabor.de\/blog\/wp-json\/wp\/v2\/users\/222"}],"replies":[{"embeddable":true,"href":"http:\/\/www.editiondaslabor.de\/blog\/wp-json\/wp\/v2\/comments?post=84390"}],"version-history":[{"count":1,"href":"http:\/\/www.editiondaslabor.de\/blog\/wp-json\/wp\/v2\/posts\/84390\/revisions"}],"predecessor-version":[{"id":98020,"href":"http:\/\/www.editiondaslabor.de\/blog\/wp-json\/wp\/v2\/posts\/84390\/revisions\/98020"}],"wp:featuredmedia":[{"embeddable":true,"href":"http:\/\/www.editiondaslabor.de\/blog\/wp-json\/wp\/v2\/media\/97999"}],"wp:attachment":[{"href":"http:\/\/www.editiondaslabor.de\/blog\/wp-json\/wp\/v2\/media?parent=84390"}],"wp:term":[{"taxonomy":"category","embeddable":true,"href":"http:\/\/www.editiondaslabor.de\/blog\/wp-json\/wp\/v2\/categories?post=84390"},{"taxonomy":"post_tag","embeddable":true,"href":"http:\/\/www.editiondaslabor.de\/blog\/wp-json\/wp\/v2\/tags?post=84390"}],"curies":[{"name":"wp","href":"https:\/\/api.w.org\/{rel}","templated":true}]}}