{"id":84372,"date":"2009-09-19T00:01:50","date_gmt":"2009-09-18T22:01:50","guid":{"rendered":"http:\/\/www.editiondaslabor.de\/blog\/?p=84372"},"modified":"2022-02-17T17:53:50","modified_gmt":"2022-02-17T16:53:50","slug":"regeln-fuer-den-der-in-den-bergen-baut","status":"publish","type":"post","link":"http:\/\/www.editiondaslabor.de\/blog\/2009\/09\/19\/regeln-fuer-den-der-in-den-bergen-baut\/","title":{"rendered":"Regeln f\u00fcr den, der in den Bergen baut"},"content":{"rendered":"<p>&nbsp;<\/p>\n<p style=\"text-align: justify;\">F\u00fcrchte nicht, unmodern gescholten zu werden. Ver\u00e4nderungen der alten bauweise sind nur dann erlaubt, wenn sie eine Verbesserung bedeuten, sonst aber bleibe beim blten. Denn die wahrheit, und sei sie hunderte von jahren alt, hat mit uns mehr jusammenhang als die l\u00fcge, die neben uns schreitet.<\/p>\n<p>&nbsp;<\/p>\n<p>&nbsp;<\/p>\n<p>&nbsp;<\/p>\n<p style=\"text-align: center;\">***<\/p>\n<p style=\"text-align: justify;\"><a href=\"http:\/\/www.editiondaslabor.de\/blog\/wp-content\/uploads\/2009\/08\/Adolf_Loos_Ornament_und_Verbrechen_Plakat.jpg\"><img loading=\"lazy\" decoding=\"async\" class=\"size-medium wp-image-84374 alignleft\" src=\"http:\/\/www.editiondaslabor.de\/blog\/wp-content\/uploads\/2009\/08\/Adolf_Loos_Ornament_und_Verbrechen_Plakat-201x300.jpg\" alt=\"\" width=\"201\" height=\"300\" srcset=\"http:\/\/www.editiondaslabor.de\/blog\/wp-content\/uploads\/2009\/08\/Adolf_Loos_Ornament_und_Verbrechen_Plakat-201x300.jpg 201w, http:\/\/www.editiondaslabor.de\/blog\/wp-content\/uploads\/2009\/08\/Adolf_Loos_Ornament_und_Verbrechen_Plakat-687x1024.jpg 687w, http:\/\/www.editiondaslabor.de\/blog\/wp-content\/uploads\/2009\/08\/Adolf_Loos_Ornament_und_Verbrechen_Plakat-768x1144.jpg 768w, http:\/\/www.editiondaslabor.de\/blog\/wp-content\/uploads\/2009\/08\/Adolf_Loos_Ornament_und_Verbrechen_Plakat-1031x1536.jpg 1031w, http:\/\/www.editiondaslabor.de\/blog\/wp-content\/uploads\/2009\/08\/Adolf_Loos_Ornament_und_Verbrechen_Plakat-560x834.jpg 560w, http:\/\/www.editiondaslabor.de\/blog\/wp-content\/uploads\/2009\/08\/Adolf_Loos_Ornament_und_Verbrechen_Plakat-260x387.jpg 260w, http:\/\/www.editiondaslabor.de\/blog\/wp-content\/uploads\/2009\/08\/Adolf_Loos_Ornament_und_Verbrechen_Plakat-160x238.jpg 160w, http:\/\/www.editiondaslabor.de\/blog\/wp-content\/uploads\/2009\/08\/Adolf_Loos_Ornament_und_Verbrechen_Plakat.jpg 1208w\" sizes=\"auto, (max-width: 201px) 100vw, 201px\" \/><\/a>Adolf Loos \u00a0war ein \u00f6sterreichischer Architekt, Architekturkritiker und Kulturpublizist. Er gilt als einer der Wegbereiter der modernen Architektur. Seine bekanteste Schrift ist der Vortrag <em>Ornament und Verbrechen<\/em> (1910). Darin wird argumentiert, dass Funktionalit\u00e4t und Abwesenheit von Ornamenten im Sinne menschlicher Kraftersparnis ein Zeichen hoher Kulturentwicklung seien und dass der moderne Mensch wirkliche Kunst allein im Sinne der Bildenden Kunst erschaffen k\u00f6nne. Ornamentale Verzierungen oder andere besondere k\u00fcnstlerische Gestaltungsversuche an einem Gebrauchsgegenstand seien eine ebenso unangemessene wie \u00fcberfl\u00fcssige Arbeit.<\/p>\n<p style=\"text-align: justify;\"><strong>Weiterf\u00fchrend\u00a0\u2192 <\/strong>ein Essay \u00fcber die neue Literaturgattung <a href=\"http:\/\/www.editiondaslabor.de\/blog\/?p=22423\"><em>Twitteratur.<\/em><\/a><\/p>\n","protected":false},"excerpt":{"rendered":"<p>&nbsp; F\u00fcrchte nicht, unmodern gescholten zu werden. Ver\u00e4nderungen der alten bauweise sind nur dann erlaubt, wenn sie eine Verbesserung bedeuten, sonst aber bleibe beim blten. Denn die wahrheit, und sei sie hunderte von jahren alt, hat mit uns mehr jusammenhang&hellip;<\/p>\n<p class=\"more-link-p\"><a class=\"more-link\" href=\"http:\/\/www.editiondaslabor.de\/blog\/2009\/09\/19\/regeln-fuer-den-der-in-den-bergen-baut\/\">Read more &rarr;<\/a><\/p>\n","protected":false},"author":222,"featured_media":97999,"comment_status":"closed","ping_status":"closed","sticky":false,"template":"","format":"standard","meta":{"footnotes":""},"categories":[1],"tags":[2939],"class_list":["post-84372","post","type-post","status-publish","format-standard","has-post-thumbnail","hentry","category-literatur","tag-adolf-loos"],"_links":{"self":[{"href":"http:\/\/www.editiondaslabor.de\/blog\/wp-json\/wp\/v2\/posts\/84372","targetHints":{"allow":["GET"]}}],"collection":[{"href":"http:\/\/www.editiondaslabor.de\/blog\/wp-json\/wp\/v2\/posts"}],"about":[{"href":"http:\/\/www.editiondaslabor.de\/blog\/wp-json\/wp\/v2\/types\/post"}],"author":[{"embeddable":true,"href":"http:\/\/www.editiondaslabor.de\/blog\/wp-json\/wp\/v2\/users\/222"}],"replies":[{"embeddable":true,"href":"http:\/\/www.editiondaslabor.de\/blog\/wp-json\/wp\/v2\/comments?post=84372"}],"version-history":[{"count":1,"href":"http:\/\/www.editiondaslabor.de\/blog\/wp-json\/wp\/v2\/posts\/84372\/revisions"}],"predecessor-version":[{"id":98015,"href":"http:\/\/www.editiondaslabor.de\/blog\/wp-json\/wp\/v2\/posts\/84372\/revisions\/98015"}],"wp:featuredmedia":[{"embeddable":true,"href":"http:\/\/www.editiondaslabor.de\/blog\/wp-json\/wp\/v2\/media\/97999"}],"wp:attachment":[{"href":"http:\/\/www.editiondaslabor.de\/blog\/wp-json\/wp\/v2\/media?parent=84372"}],"wp:term":[{"taxonomy":"category","embeddable":true,"href":"http:\/\/www.editiondaslabor.de\/blog\/wp-json\/wp\/v2\/categories?post=84372"},{"taxonomy":"post_tag","embeddable":true,"href":"http:\/\/www.editiondaslabor.de\/blog\/wp-json\/wp\/v2\/tags?post=84372"}],"curies":[{"name":"wp","href":"https:\/\/api.w.org\/{rel}","templated":true}]}}