{"id":84319,"date":"2024-08-14T00:01:35","date_gmt":"2024-08-13T22:01:35","guid":{"rendered":"http:\/\/www.editiondaslabor.de\/blog\/?p=84319"},"modified":"2022-02-21T10:22:16","modified_gmt":"2022-02-21T09:22:16","slug":"was-ich-sein-werde","status":"publish","type":"post","link":"http:\/\/www.editiondaslabor.de\/blog\/2024\/08\/14\/was-ich-sein-werde\/","title":{"rendered":"WAS ICH SEIN WERDE"},"content":{"rendered":"<p>&nbsp;<\/p>\r\n<p>Brezelverk\u00e4ufer mit und ohne Abitur,<\/p>\r\n<p>Bef\u00fcrworter von Schweigeminuten<\/p>\r\n<p>f\u00fcr alle \u00fcberlieferten Toten,<\/p>\r\n<p>Flaneur und Ewiggestriger, Studierter<\/p>\r\n<p>in Sachen Fortschritt und Stillstand,<\/p>\r\n<p>Pfeilwurz und Wadenwickel,<\/p>\r\n<p>enterbt aber, gottlob, gl\u00fccklich.<\/p>\r\n<p>&nbsp;<\/p>\r\n<p>&nbsp;<\/p>\r\n<p>&nbsp;<\/p>\r\n<!-- \/wp:post-content -->\r\n<p>&nbsp;<\/p>\r\n<p><!-- \/wp:paragraph -->\r\n\r\n<!-- wp:paragraph {\"align\":\"center\"} --><\/p>\r\n<p style=\"text-align: center;\">***<\/p>\r\n<p style=\"text-align: justify;\"><strong>Alles Weitere M\u00fcndlich<\/strong>, Gedichte von Ralph Pordzik, Verlag Les Derniers Jours, 2014<\/p>\r\n<p style=\"text-align: justify;\"><strong><img loading=\"lazy\" decoding=\"async\" class=\"alignleft size-full wp-image-99108\" src=\"http:\/\/www.editiondaslabor.de\/blog\/wp-content\/uploads\/2025\/12\/Alles-Weitere-Mu\u0308ndlich.jpg\" alt=\"\" width=\"141\" height=\"200\" \/>Weiterf\u00fchrend <\/strong><strong>\u2192 <\/strong>Bereits von seinem ersten Band<strong> Verabredung mit meinem Publikum<\/strong> war KUNO <a href=\"http:\/\/www.editiondaslabor.de\/blog\/?p=14498\">angetan<\/a>.<\/p>\r\n<p style=\"text-align: justify;\"><strong>\u2192<\/strong> Auf KUNO lesen Sie auch einen Rezensionsessay von Holger Benkel \u00fcber <a href=\"http:\/\/www.editiondaslabor.de\/blog\/2017\/11\/12\/mit-deutschen-untertiteln\/\">Ralph Pordzik<\/a> \u00a0<\/p>\r\n<p style=\"text-align: justify;\"><strong>\u2192<\/strong> Poesie ist das identit\u00e4tsstiftende Element der Kultur, KUNOs <a href=\"http:\/\/www.editiondaslabor.de\/blog\/?p=25630\">poetologische Positionsbestimmung<\/a>.<\/p>\r\n<!-- wp:paragraph {\"align\":\"center\"} -->","protected":false},"excerpt":{"rendered":"<p>&nbsp; Brezelverk\u00e4ufer mit und ohne Abitur, Bef\u00fcrworter von Schweigeminuten f\u00fcr alle \u00fcberlieferten Toten, Flaneur und Ewiggestriger, Studierter in Sachen Fortschritt und Stillstand, Pfeilwurz und Wadenwickel, enterbt aber, gottlob, gl\u00fccklich. &nbsp; &nbsp; &nbsp; &nbsp; *** Alles Weitere M\u00fcndlich, Gedichte von Ralph&hellip;<\/p>\n<p class=\"more-link-p\"><a class=\"more-link\" href=\"http:\/\/www.editiondaslabor.de\/blog\/2024\/08\/14\/was-ich-sein-werde\/\">Read more &rarr;<\/a><\/p>\n","protected":false},"author":144,"featured_media":99108,"comment_status":"closed","ping_status":"closed","sticky":false,"template":"","format":"standard","meta":{"footnotes":""},"categories":[1],"tags":[1183],"class_list":["post-84319","post","type-post","status-publish","format-standard","has-post-thumbnail","hentry","category-literatur","tag-ralph-pordzik"],"_links":{"self":[{"href":"http:\/\/www.editiondaslabor.de\/blog\/wp-json\/wp\/v2\/posts\/84319","targetHints":{"allow":["GET"]}}],"collection":[{"href":"http:\/\/www.editiondaslabor.de\/blog\/wp-json\/wp\/v2\/posts"}],"about":[{"href":"http:\/\/www.editiondaslabor.de\/blog\/wp-json\/wp\/v2\/types\/post"}],"author":[{"embeddable":true,"href":"http:\/\/www.editiondaslabor.de\/blog\/wp-json\/wp\/v2\/users\/144"}],"replies":[{"embeddable":true,"href":"http:\/\/www.editiondaslabor.de\/blog\/wp-json\/wp\/v2\/comments?post=84319"}],"version-history":[{"count":2,"href":"http:\/\/www.editiondaslabor.de\/blog\/wp-json\/wp\/v2\/posts\/84319\/revisions"}],"predecessor-version":[{"id":99117,"href":"http:\/\/www.editiondaslabor.de\/blog\/wp-json\/wp\/v2\/posts\/84319\/revisions\/99117"}],"wp:featuredmedia":[{"embeddable":true,"href":"http:\/\/www.editiondaslabor.de\/blog\/wp-json\/wp\/v2\/media\/99108"}],"wp:attachment":[{"href":"http:\/\/www.editiondaslabor.de\/blog\/wp-json\/wp\/v2\/media?parent=84319"}],"wp:term":[{"taxonomy":"category","embeddable":true,"href":"http:\/\/www.editiondaslabor.de\/blog\/wp-json\/wp\/v2\/categories?post=84319"},{"taxonomy":"post_tag","embeddable":true,"href":"http:\/\/www.editiondaslabor.de\/blog\/wp-json\/wp\/v2\/tags?post=84319"}],"curies":[{"name":"wp","href":"https:\/\/api.w.org\/{rel}","templated":true}]}}