{"id":84220,"date":"2008-02-05T00:01:18","date_gmt":"2008-02-04T23:01:18","guid":{"rendered":"http:\/\/www.editiondaslabor.de\/blog\/?p=84220"},"modified":"2022-02-18T14:14:58","modified_gmt":"2022-02-18T13:14:58","slug":"die-absolute-malerei","status":"publish","type":"post","link":"http:\/\/www.editiondaslabor.de\/blog\/2008\/02\/05\/die-absolute-malerei\/","title":{"rendered":"Die absolute Malerei"},"content":{"rendered":"<p>&nbsp;<\/p>\n<p style=\"text-align: justify;\">Die\u00a0Dinge reden: in den Dingen ist Wille und Form. Warum wollen wir dazwischensprechen? Wir haben nichts kluges ihnen zu sagen. Haben wir nicht die tausendj\u00e4hrige Erfahrung, da\u00df die Dinge umso stummer werden, je deutlicher wir ihnen den optischen Spiegel ihrer Erscheinung vorhalten? Der Schein ist ewig flach, aber zieht ihn fort, ganz fort, ganz aus Eurem Geiste weg, \u2013 denkt Euch fort samt Eurem Weltbilde, \u2013 die Welt bleibt [, in ewiger Bewegung] in ihrer wahren [Kleid] Form zur\u00fcck und wir K\u00fcnstler ahnen diese Form; ein D\u00e4mon gibt uns zwischen die Spalten der Welt zu sehen und in Tr\u00e4umen f\u00fchrt er uns hinter die bunte B\u00fchne der Welt.<\/p>\n<p>&nbsp;<\/p>\n<p>&nbsp;<\/p>\n<h5 style=\"text-align: justify;\"><a href=\"http:\/\/www.editiondaslabor.de\/blog\/wp-content\/uploads\/2021\/05\/FranzMarc-e1621242809104.jpg\"><img loading=\"lazy\" decoding=\"async\" class=\"size-medium wp-image-84086 alignleft\" src=\"http:\/\/www.editiondaslabor.de\/blog\/wp-content\/uploads\/2021\/05\/FranzMarc-159x300.jpg\" alt=\"\" width=\"159\" height=\"300\" \/><\/a>Weiterf\u00fchrend \u2192<\/h5>\n<p style=\"text-align: justify;\">Erinnerung wird zunehmend auf neue Technologien ausgelagert. Das Grundproblem der Erinnerungskultur (siehe auch: <a href=\"http:\/\/www.editiondaslabor.de\/blog\/2012\/01\/01\/in-eigener-sache\/\">In eigener Sache<\/a>), der Zeugenschaft, der Autorschaft, ist die Frage: Wer erz\u00e4hlt, wer verarbeitet, wem eine Geschichte geh\u00f6rt? \u2013 <span data-offset-key=\"nqia-2-0\">\u201eKultur schafft und ist Kommunikation, Kultur lebt von der Kommunikation der Interessierten.\u201c, schreibt Haimo Hieronymus in einem der <a href=\"http:\/\/www.editiondaslabor.de\/blog\/2008\/06\/05\/interim-kulturnotizen\/\">Gr\u00fcndungstexte<\/a> von KUNO. <\/span>Die ausf\u00fchrliche Chronik des Projekts <em>Das Labor<\/em> lesen sie <a href=\"http:\/\/www.editiondaslabor.de\/blog\/2014\/12\/10\/zukunft-braucht-herkunft\/\">hier<\/a>. Diese Ausgrabungsst\u00e4tte f\u00fcr die Zukunft ist seit 2009 ein Label, die <em>Edition Das Labor<\/em>. Diese Edition arbeitet ohne Kapital, zuweilen mit Kapit\u00e4lchen, meist mit einer gro\u00dfen k\u00fcnstlerischen Spekulationskraft. Eine \u00dcbersicht \u00fcber die in diesem <em>Labor<\/em> seither realisierten K\u00fcnstlerb\u00fccher, B\u00fccher und H\u00f6rb\u00fccher finden Sie <a href=\"http:\/\/www.editiondaslabor.de\/\">hier<\/a>.<\/p>\n<p style=\"text-align: justify;\">Zum Thema K\u00fcnstlerb\u00fccher finden Sie hier einen <a href=\"http:\/\/www.editiondaslabor.de\/blog\/?p=12840\">Essay<\/a> sowie einen <a href=\"http:\/\/www.editiondaslabor.de\/blog\/?p=834\">Artikel<\/a> von J.C. Albers. Vertiefend auch das <a href=\"http:\/\/www.editiondaslabor.de\/blog\/?p=21407\">Kollegengespr\u00e4ch<\/a> mit Haimo Hieronymus \u00fcber Material, Medium und Faszination des Werkstoffs Papier.<\/p>\n","protected":false},"excerpt":{"rendered":"<p>&nbsp; Die\u00a0Dinge reden: in den Dingen ist Wille und Form. Warum wollen wir dazwischensprechen? Wir haben nichts kluges ihnen zu sagen. Haben wir nicht die tausendj\u00e4hrige Erfahrung, da\u00df die Dinge umso stummer werden, je deutlicher wir ihnen den optischen Spiegel&hellip;<\/p>\n<p class=\"more-link-p\"><a class=\"more-link\" href=\"http:\/\/www.editiondaslabor.de\/blog\/2008\/02\/05\/die-absolute-malerei\/\">Read more &rarr;<\/a><\/p>\n","protected":false},"author":221,"featured_media":98256,"comment_status":"closed","ping_status":"closed","sticky":false,"template":"","format":"standard","meta":{"footnotes":""},"categories":[1],"tags":[2878],"class_list":["post-84220","post","type-post","status-publish","format-standard","has-post-thumbnail","hentry","category-literatur","tag-franz-marc"],"_links":{"self":[{"href":"http:\/\/www.editiondaslabor.de\/blog\/wp-json\/wp\/v2\/posts\/84220","targetHints":{"allow":["GET"]}}],"collection":[{"href":"http:\/\/www.editiondaslabor.de\/blog\/wp-json\/wp\/v2\/posts"}],"about":[{"href":"http:\/\/www.editiondaslabor.de\/blog\/wp-json\/wp\/v2\/types\/post"}],"author":[{"embeddable":true,"href":"http:\/\/www.editiondaslabor.de\/blog\/wp-json\/wp\/v2\/users\/221"}],"replies":[{"embeddable":true,"href":"http:\/\/www.editiondaslabor.de\/blog\/wp-json\/wp\/v2\/comments?post=84220"}],"version-history":[{"count":1,"href":"http:\/\/www.editiondaslabor.de\/blog\/wp-json\/wp\/v2\/posts\/84220\/revisions"}],"predecessor-version":[{"id":98290,"href":"http:\/\/www.editiondaslabor.de\/blog\/wp-json\/wp\/v2\/posts\/84220\/revisions\/98290"}],"wp:featuredmedia":[{"embeddable":true,"href":"http:\/\/www.editiondaslabor.de\/blog\/wp-json\/wp\/v2\/media\/98256"}],"wp:attachment":[{"href":"http:\/\/www.editiondaslabor.de\/blog\/wp-json\/wp\/v2\/media?parent=84220"}],"wp:term":[{"taxonomy":"category","embeddable":true,"href":"http:\/\/www.editiondaslabor.de\/blog\/wp-json\/wp\/v2\/categories?post=84220"},{"taxonomy":"post_tag","embeddable":true,"href":"http:\/\/www.editiondaslabor.de\/blog\/wp-json\/wp\/v2\/tags?post=84220"}],"curies":[{"name":"wp","href":"https:\/\/api.w.org\/{rel}","templated":true}]}}