{"id":84213,"date":"2005-03-15T00:01:17","date_gmt":"2005-03-14T23:01:17","guid":{"rendered":"http:\/\/www.editiondaslabor.de\/blog\/?p=84213"},"modified":"2022-02-18T14:17:12","modified_gmt":"2022-02-18T13:17:12","slug":"das-sternenkind","status":"publish","type":"post","link":"http:\/\/www.editiondaslabor.de\/blog\/2005\/03\/15\/das-sternenkind\/","title":{"rendered":"Das SternenKind"},"content":{"rendered":"<p>&nbsp;<\/p>\n<p style=\"text-align: center;\">Gekommen aus den Sternen<\/p>\n<p style=\"text-align: center;\">gestrandet auf dieser Welt,<\/p>\n<p style=\"text-align: center;\">erkannt als Mensch<\/p>\n<p style=\"text-align: center;\">unter Menschen!<\/p>\n<p style=\"text-align: center;\">Nie wahrgenommen,<\/p>\n<p style=\"text-align: center;\">bis zu dem Moment,<\/p>\n<p style=\"text-align: center;\">als er dann anfing<\/p>\n<p style=\"text-align: center;\">zu Tr\u00e4umen!<\/p>\n<p style=\"text-align: center;\">Erschaffen aus den Sternen,<\/p>\n<p style=\"text-align: center;\">geformt durch den Dreamer,<\/p>\n<p style=\"text-align: center;\">erdacht von dem Philosophen,<\/p>\n<p style=\"text-align: center;\">und zur\u00fcckgegangen zu seinen Wurzeln,<\/p>\n<p style=\"text-align: center;\">zu den Sternen,<\/p>\n<div style=\"text-align: center;\"><\/div>\n<div style=\"text-align: center;\"><\/div>\n<p style=\"text-align: center;\">das ist das SternenKind.<\/p>\n<p>&nbsp;<\/p>\n<p>&nbsp;<\/p>\n<p>&nbsp;<\/p>\n<p style=\"text-align: justify;\"><strong><a href=\"http:\/\/www.editiondaslabor.de\/blog\/wp-content\/uploads\/2021\/05\/FranzMarc-e1621242809104.jpg\"><img loading=\"lazy\" decoding=\"async\" class=\"size-medium wp-image-84086 alignleft\" src=\"http:\/\/www.editiondaslabor.de\/blog\/wp-content\/uploads\/2021\/05\/FranzMarc-159x300.jpg\" alt=\"\" width=\"159\" height=\"300\" \/><\/a>Weiterf\u00fchrend\u00a0<\/strong><strong>\u2192 <\/strong>Einen\u00a0Nachruf von Else Lasker-Sch\u00fcler finden Sie <a href=\"http:\/\/www.editiondaslabor.de\/blog\/2016\/03\/04\/franz-marc\/\">hier<\/a>.<\/p>\n<p style=\"text-align: justify;\"><strong>\u2192 \u00a0<\/strong>Poesie z\u00e4hlt f\u00fcr KUNO weiterhin zu den wichtigsten identit\u00e4ts- und identifikationstiftenden Elementen einer Kultur, dies bezeugte auch der Versuch einer <a href=\"http:\/\/www.editiondaslabor.de\/blog\/?p=25630\">poetologischen Positionsbestimmung<\/a>.<\/p>\n","protected":false},"excerpt":{"rendered":"<p>&nbsp; Gekommen aus den Sternen gestrandet auf dieser Welt, erkannt als Mensch unter Menschen! Nie wahrgenommen, bis zu dem Moment, als er dann anfing zu Tr\u00e4umen! Erschaffen aus den Sternen, geformt durch den Dreamer, erdacht von dem Philosophen, und zur\u00fcckgegangen&hellip;<\/p>\n<p class=\"more-link-p\"><a class=\"more-link\" href=\"http:\/\/www.editiondaslabor.de\/blog\/2005\/03\/15\/das-sternenkind\/\">Read more &rarr;<\/a><\/p>\n","protected":false},"author":221,"featured_media":98256,"comment_status":"closed","ping_status":"closed","sticky":false,"template":"","format":"standard","meta":{"footnotes":""},"categories":[1],"tags":[2878],"class_list":["post-84213","post","type-post","status-publish","format-standard","has-post-thumbnail","hentry","category-literatur","tag-franz-marc"],"_links":{"self":[{"href":"http:\/\/www.editiondaslabor.de\/blog\/wp-json\/wp\/v2\/posts\/84213","targetHints":{"allow":["GET"]}}],"collection":[{"href":"http:\/\/www.editiondaslabor.de\/blog\/wp-json\/wp\/v2\/posts"}],"about":[{"href":"http:\/\/www.editiondaslabor.de\/blog\/wp-json\/wp\/v2\/types\/post"}],"author":[{"embeddable":true,"href":"http:\/\/www.editiondaslabor.de\/blog\/wp-json\/wp\/v2\/users\/221"}],"replies":[{"embeddable":true,"href":"http:\/\/www.editiondaslabor.de\/blog\/wp-json\/wp\/v2\/comments?post=84213"}],"version-history":[{"count":1,"href":"http:\/\/www.editiondaslabor.de\/blog\/wp-json\/wp\/v2\/posts\/84213\/revisions"}],"predecessor-version":[{"id":98292,"href":"http:\/\/www.editiondaslabor.de\/blog\/wp-json\/wp\/v2\/posts\/84213\/revisions\/98292"}],"wp:featuredmedia":[{"embeddable":true,"href":"http:\/\/www.editiondaslabor.de\/blog\/wp-json\/wp\/v2\/media\/98256"}],"wp:attachment":[{"href":"http:\/\/www.editiondaslabor.de\/blog\/wp-json\/wp\/v2\/media?parent=84213"}],"wp:term":[{"taxonomy":"category","embeddable":true,"href":"http:\/\/www.editiondaslabor.de\/blog\/wp-json\/wp\/v2\/categories?post=84213"},{"taxonomy":"post_tag","embeddable":true,"href":"http:\/\/www.editiondaslabor.de\/blog\/wp-json\/wp\/v2\/tags?post=84213"}],"curies":[{"name":"wp","href":"https:\/\/api.w.org\/{rel}","templated":true}]}}