{"id":84204,"date":"2001-02-08T00:01:52","date_gmt":"2001-02-07T23:01:52","guid":{"rendered":"http:\/\/www.editiondaslabor.de\/blog\/?p=84204"},"modified":"2022-02-18T14:17:43","modified_gmt":"2022-02-18T13:17:43","slug":"aufzeichnung-in-skizzenbuch-xxxi","status":"publish","type":"post","link":"http:\/\/www.editiondaslabor.de\/blog\/2001\/02\/08\/aufzeichnung-in-skizzenbuch-xxxi\/","title":{"rendered":"Aufzeichnung in Skizzenbuch XXXI"},"content":{"rendered":"<p>&nbsp;<\/p>\n<p>Das Gewitter schrie<\/p>\n<p>Ich trat in das Haus und sah alles<\/p>\n<p>Eine [gro\u00dfe] rote Frau; schwarze K\u00e4tzchen [spielten] auf dem gr\u00fcnen Tisch<\/p>\n<p>\u2013 Gellaa, der Blitz verzehrte das Gef\u00e4hrt \u2013 die K\u00e4tzchen spielten mit der Frau, die l\u00e4chelte \u2013 ach ach [das arme] Mann und Pferd sind [ist] tot [Der Mann weint] [Himmel] der Engel der Furcht schl\u00e4gt an die Fenster; [die arme Frau] ich sah das rote Herz der Frau zittern und schwarze K\u00e4tzchen auf dem gr\u00fcnen Tisch \u2013 was ist das [?], rot und schwarz und gr\u00fcn? geben drei Farben einen Gedanken? Wenn man dem Rot die [Gesta] Form des Herzens gibt, dem Schwarz die Form [eines drei ineinander verschlungener] kleiner K\u00e4tzchen dem Gr\u00fcn die Form [eines gro\u00dfen flachen Vierecks? &#8230;] des Vierecks<\/p>\n<p>Ich will diesen Gedanken denken.<\/p>\n<p>Das rote Herz der Frau zerbricht<\/p>\n<p>aus ihm [kommt] str\u00f6mt ein roter [Blut &#8230;] [Blutstreifen] Blutstrom [quer durch den Himmel] in den Bach der flie\u00dft nun rot durch gr\u00fcne Wiesen auf denen weiden schwarze Schafe.<\/p>\n<p class=\"zenoPLm4n4\">Das Gewitter hat seine Hand von der Erde gezogen.<\/p>\n<p>Der blaue [?] Himmel [s&#8230;] glotzt wie ein riesiges Glasauge auf die Scenerie [von] Rot, Gr\u00fcn, Schwarz, ist dieser Gedanke nicht schrecklich? [&#8230;] Versteht Ihr, was die Maler malen?<\/p>\n<p>&nbsp;<\/p>\n<p>&nbsp;<\/p>\n<h5 style=\"text-align: justify;\"><a href=\"http:\/\/www.editiondaslabor.de\/blog\/wp-content\/uploads\/1990\/02\/Pferd_Marc.jpg\"><img loading=\"lazy\" decoding=\"async\" class=\"size-medium wp-image-84158 alignleft\" src=\"http:\/\/www.editiondaslabor.de\/blog\/wp-content\/uploads\/1990\/02\/Pferd_Marc-300x189.jpg\" alt=\"\" width=\"300\" height=\"189\" srcset=\"http:\/\/www.editiondaslabor.de\/blog\/wp-content\/uploads\/1990\/02\/Pferd_Marc-300x189.jpg 300w, http:\/\/www.editiondaslabor.de\/blog\/wp-content\/uploads\/1990\/02\/Pferd_Marc-260x164.jpg 260w, http:\/\/www.editiondaslabor.de\/blog\/wp-content\/uploads\/1990\/02\/Pferd_Marc-160x101.jpg 160w, http:\/\/www.editiondaslabor.de\/blog\/wp-content\/uploads\/1990\/02\/Pferd_Marc.jpg 450w\" sizes=\"auto, (max-width: 300px) 100vw, 300px\" \/><\/a>Weiterf\u00fchrend \u2192<\/h5>\n<p style=\"text-align: justify;\">Erinnerung wird zunehmend auf neue Technologien ausgelagert. Das Grundproblem der Erinnerungskultur (siehe auch: <a href=\"http:\/\/www.editiondaslabor.de\/blog\/2012\/01\/01\/in-eigener-sache\/\">In eigener Sache<\/a>), der Zeugenschaft, der Autorschaft, ist die Frage: Wer erz\u00e4hlt, wer verarbeitet, wem eine Geschichte geh\u00f6rt? \u2013 <span data-offset-key=\"nqia-2-0\">\u201eKultur schafft und ist Kommunikation, Kultur lebt von der Kommunikation der Interessierten.\u201c, schreibt Haimo Hieronymus in einem der <a href=\"http:\/\/www.editiondaslabor.de\/blog\/2008\/06\/05\/interim-kulturnotizen\/\">Gr\u00fcndungstexte<\/a> von KUNO. <\/span>Die ausf\u00fchrliche Chronik des Projekts <em>Das Labor<\/em> lesen sie <a href=\"http:\/\/www.editiondaslabor.de\/blog\/2014\/12\/10\/zukunft-braucht-herkunft\/\">hier<\/a>. Diese Ausgrabungsst\u00e4tte f\u00fcr die Zukunft ist seit 2009 ein Label, die <em>Edition Das Labor<\/em>. Diese Edition arbeitet ohne Kapital, zuweilen mit Kapit\u00e4lchen, meist mit einer gro\u00dfen k\u00fcnstlerischen Spekulationskraft. Eine \u00dcbersicht \u00fcber die in diesem <em>Labor<\/em> seither realisierten K\u00fcnstlerb\u00fccher, B\u00fccher und H\u00f6rb\u00fccher finden Sie <a href=\"http:\/\/www.editiondaslabor.de\/\">hier<\/a>.<\/p>\n<p style=\"text-align: justify;\">Zum Thema K\u00fcnstlerb\u00fccher finden Sie hier einen <a href=\"http:\/\/www.editiondaslabor.de\/blog\/?p=12840\">Essay<\/a> sowie einen <a href=\"http:\/\/www.editiondaslabor.de\/blog\/?p=834\">Artikel<\/a> von J.C. Albers. Vertiefend auch das <a href=\"http:\/\/www.editiondaslabor.de\/blog\/?p=21407\">Kollegengespr\u00e4ch<\/a> mit Haimo Hieronymus \u00fcber Material, Medium und Faszination des Werkstoffs Papier.<\/p>\n<p style=\"text-align: justify;\">Die K\u00fcnstlerbucher sind erh\u00e4ltlich \u00fcber die Werkstattgalerie Der Bogen, Tel. 0173 7276421<\/p>\n<p style=\"text-align: justify;\">\n","protected":false},"excerpt":{"rendered":"<p>&nbsp; Das Gewitter schrie Ich trat in das Haus und sah alles Eine [gro\u00dfe] rote Frau; schwarze K\u00e4tzchen [spielten] auf dem gr\u00fcnen Tisch \u2013 Gellaa, der Blitz verzehrte das Gef\u00e4hrt \u2013 die K\u00e4tzchen spielten mit der Frau, die l\u00e4chelte \u2013&hellip;<\/p>\n<p class=\"more-link-p\"><a class=\"more-link\" href=\"http:\/\/www.editiondaslabor.de\/blog\/2001\/02\/08\/aufzeichnung-in-skizzenbuch-xxxi\/\">Read more &rarr;<\/a><\/p>\n","protected":false},"author":221,"featured_media":98256,"comment_status":"closed","ping_status":"closed","sticky":false,"template":"","format":"standard","meta":{"footnotes":""},"categories":[1],"tags":[2878],"class_list":["post-84204","post","type-post","status-publish","format-standard","has-post-thumbnail","hentry","category-literatur","tag-franz-marc"],"_links":{"self":[{"href":"http:\/\/www.editiondaslabor.de\/blog\/wp-json\/wp\/v2\/posts\/84204","targetHints":{"allow":["GET"]}}],"collection":[{"href":"http:\/\/www.editiondaslabor.de\/blog\/wp-json\/wp\/v2\/posts"}],"about":[{"href":"http:\/\/www.editiondaslabor.de\/blog\/wp-json\/wp\/v2\/types\/post"}],"author":[{"embeddable":true,"href":"http:\/\/www.editiondaslabor.de\/blog\/wp-json\/wp\/v2\/users\/221"}],"replies":[{"embeddable":true,"href":"http:\/\/www.editiondaslabor.de\/blog\/wp-json\/wp\/v2\/comments?post=84204"}],"version-history":[{"count":1,"href":"http:\/\/www.editiondaslabor.de\/blog\/wp-json\/wp\/v2\/posts\/84204\/revisions"}],"predecessor-version":[{"id":98293,"href":"http:\/\/www.editiondaslabor.de\/blog\/wp-json\/wp\/v2\/posts\/84204\/revisions\/98293"}],"wp:featuredmedia":[{"embeddable":true,"href":"http:\/\/www.editiondaslabor.de\/blog\/wp-json\/wp\/v2\/media\/98256"}],"wp:attachment":[{"href":"http:\/\/www.editiondaslabor.de\/blog\/wp-json\/wp\/v2\/media?parent=84204"}],"wp:term":[{"taxonomy":"category","embeddable":true,"href":"http:\/\/www.editiondaslabor.de\/blog\/wp-json\/wp\/v2\/categories?post=84204"},{"taxonomy":"post_tag","embeddable":true,"href":"http:\/\/www.editiondaslabor.de\/blog\/wp-json\/wp\/v2\/tags?post=84204"}],"curies":[{"name":"wp","href":"https:\/\/api.w.org\/{rel}","templated":true}]}}