{"id":84182,"date":"2003-03-04T00:01:11","date_gmt":"2003-03-03T23:01:11","guid":{"rendered":"http:\/\/www.editiondaslabor.de\/blog\/?p=84182"},"modified":"2022-05-29T17:35:11","modified_gmt":"2022-05-29T15:35:11","slug":"die-futuristen","status":"publish","type":"post","link":"http:\/\/www.editiondaslabor.de\/blog\/2003\/03\/04\/die-futuristen\/","title":{"rendered":"Die Futuristen"},"content":{"rendered":"<p>&nbsp;<\/p>\n<p style=\"text-align: justify;\">Was dem Hundez\u00fcchter die schwarzen Lefzen und andere Merkmale der reinen Rasse seiner Hunde sind, das ist f\u00fcr den modernen Bilderkenner der Begriff der \u00bbpeinture\u00ab. Wer sich nicht n\u00e4her auskennt, sieht in das Z\u00fcchterbuch. Die \u00bbpeinture\u00ab ist bei Bildern, was die \u00bbBlume\u00ab der guten Weine ist, Gef\u00fchlssache. Wer sich auch hier nicht auskennt, sieht auf die Etikette, die die Firma aufgeklebt hat. Und dann kommt die Blamage. Der Picassosammler l\u00e4uft in die Futuristenausstellung und schreit: sehr sch\u00f6n, wundersch\u00f6n, aber keine peinture, meine Herren. Da antwortet ihm ein Kl\u00fcgerer: ma pittura, signore. Damit h\u00f6rt die Unterhaltung auf. Man kann ihm dann ein japanisches Gedicht oder etwas, das mindestens so sch\u00f6n ist und nicht immer nur von Kranichen und Pflaumenbl\u00fcten handelt, vorlesen:<\/p>\n<p class=\"zenoPLm4n0\" style=\"text-align: justify;\">\u00bbWenn man ein Fenster \u00f6ffnet, tritt der ganze L\u00e4rm der Stra\u00dfe, die Bewegungen und die Gegenst\u00e4ndlichkeit der Dinge drau\u00dfen pl\u00f6tzlich in das Zimmer.\u00ab<\/p>\n<p class=\"zenoPLm4n0\" style=\"text-align: justify;\">Oder:<\/p>\n<p class=\"zenoPLm4n0\" style=\"text-align: justify;\">\u00bbDie Macht der Stra\u00dfe, das Leben, der Ehrgeiz, die Angst, die man in der Stra\u00dfe beobachten kann, das erdr\u00fcckende Gef\u00fchl, das der L\u00e4rm verursacht\u00ab.<\/p>\n<p class=\"zenoPLm4n0\" style=\"text-align: justify;\">Und solche Dinge zu malen gelang den Futuristen, vorz\u00fcglich sogar. Carr\u00e0, Boccioni und Severini werden ein Markstein der Geschichte der modernen Malerei sein. Wir werden Italien noch um seine S\u00f6hne beneiden und ihre Werke in unseren Galerien aufh\u00e4ngen.<\/p>\n<p>&nbsp;<\/p>\n<p>&nbsp;<\/p>\n<h5 style=\"text-align: justify;\"><a href=\"http:\/\/www.editiondaslabor.de\/blog\/wp-content\/uploads\/2021\/05\/FranzMarc-e1621242809104.jpg\"><img loading=\"lazy\" decoding=\"async\" class=\"size-medium wp-image-84086 alignleft\" src=\"http:\/\/www.editiondaslabor.de\/blog\/wp-content\/uploads\/2021\/05\/FranzMarc-159x300.jpg\" alt=\"\" width=\"159\" height=\"300\" \/><\/a>Weiterf\u00fchrend \u2192<\/h5>\n<p style=\"text-align: justify;\">Erinnerung wird zunehmend auf neue Technologien ausgelagert. Das Grundproblem der Erinnerungskultur (siehe auch: <a href=\"http:\/\/www.editiondaslabor.de\/blog\/2012\/01\/01\/in-eigener-sache\/\">In eigener Sache<\/a>), der Zeugenschaft, der Autorschaft, ist die Frage: Wer erz\u00e4hlt, wer verarbeitet, wem eine Geschichte geh\u00f6rt? \u2013 <span data-offset-key=\"nqia-2-0\">\u201eKultur schafft und ist Kommunikation, Kultur lebt von der Kommunikation der Interessierten.\u201c, schreibt Haimo Hieronymus in einem der <a href=\"http:\/\/www.editiondaslabor.de\/blog\/2008\/06\/05\/interim-kulturnotizen\/\">Gr\u00fcndungstexte<\/a> von KUNO. <\/span>Die ausf\u00fchrliche Chronik des Projekts <em>Das Labor<\/em> lesen sie <a href=\"http:\/\/www.editiondaslabor.de\/blog\/2014\/12\/10\/zukunft-braucht-herkunft\/\">hier<\/a>. Diese Ausgrabungsst\u00e4tte f\u00fcr die Zukunft ist seit 2009 ein Label, die <em>Edition Das Labor<\/em>. Diese Edition arbeitet ohne Kapital, zuweilen mit Kapit\u00e4lchen, meist mit einer gro\u00dfen k\u00fcnstlerischen Spekulationskraft. Eine \u00dcbersicht \u00fcber die in diesem <em>Labor<\/em> seither realisierten K\u00fcnstlerb\u00fccher, B\u00fccher und H\u00f6rb\u00fccher finden Sie <a href=\"http:\/\/www.editiondaslabor.de\/\">hier<\/a>.<\/p>\n<p style=\"text-align: justify;\">Zum Thema K\u00fcnstlerb\u00fccher finden Sie hier einen <a href=\"http:\/\/www.editiondaslabor.de\/blog\/?p=12840\">Essay<\/a> sowie einen <a href=\"http:\/\/www.editiondaslabor.de\/blog\/?p=834\">Artikel<\/a> von J.C. Albers. Vertiefend auch das <a href=\"http:\/\/www.editiondaslabor.de\/blog\/?p=21407\">Kollegengespr\u00e4ch<\/a> mit Haimo Hieronymus \u00fcber Material, Medium und Faszination des Werkstoffs Papier.<\/p>\n","protected":false},"excerpt":{"rendered":"<p>&nbsp; Was dem Hundez\u00fcchter die schwarzen Lefzen und andere Merkmale der reinen Rasse seiner Hunde sind, das ist f\u00fcr den modernen Bilderkenner der Begriff der \u00bbpeinture\u00ab. Wer sich nicht n\u00e4her auskennt, sieht in das Z\u00fcchterbuch. Die \u00bbpeinture\u00ab ist bei Bildern,&hellip;<\/p>\n<p class=\"more-link-p\"><a class=\"more-link\" href=\"http:\/\/www.editiondaslabor.de\/blog\/2003\/03\/04\/die-futuristen\/\">Read more &rarr;<\/a><\/p>\n","protected":false},"author":221,"featured_media":98256,"comment_status":"closed","ping_status":"closed","sticky":false,"template":"","format":"standard","meta":{"footnotes":""},"categories":[1],"tags":[2878],"class_list":["post-84182","post","type-post","status-publish","format-standard","has-post-thumbnail","hentry","category-literatur","tag-franz-marc"],"_links":{"self":[{"href":"http:\/\/www.editiondaslabor.de\/blog\/wp-json\/wp\/v2\/posts\/84182","targetHints":{"allow":["GET"]}}],"collection":[{"href":"http:\/\/www.editiondaslabor.de\/blog\/wp-json\/wp\/v2\/posts"}],"about":[{"href":"http:\/\/www.editiondaslabor.de\/blog\/wp-json\/wp\/v2\/types\/post"}],"author":[{"embeddable":true,"href":"http:\/\/www.editiondaslabor.de\/blog\/wp-json\/wp\/v2\/users\/221"}],"replies":[{"embeddable":true,"href":"http:\/\/www.editiondaslabor.de\/blog\/wp-json\/wp\/v2\/comments?post=84182"}],"version-history":[{"count":1,"href":"http:\/\/www.editiondaslabor.de\/blog\/wp-json\/wp\/v2\/posts\/84182\/revisions"}],"predecessor-version":[{"id":98297,"href":"http:\/\/www.editiondaslabor.de\/blog\/wp-json\/wp\/v2\/posts\/84182\/revisions\/98297"}],"wp:featuredmedia":[{"embeddable":true,"href":"http:\/\/www.editiondaslabor.de\/blog\/wp-json\/wp\/v2\/media\/98256"}],"wp:attachment":[{"href":"http:\/\/www.editiondaslabor.de\/blog\/wp-json\/wp\/v2\/media?parent=84182"}],"wp:term":[{"taxonomy":"category","embeddable":true,"href":"http:\/\/www.editiondaslabor.de\/blog\/wp-json\/wp\/v2\/categories?post=84182"},{"taxonomy":"post_tag","embeddable":true,"href":"http:\/\/www.editiondaslabor.de\/blog\/wp-json\/wp\/v2\/tags?post=84182"}],"curies":[{"name":"wp","href":"https:\/\/api.w.org\/{rel}","templated":true}]}}