{"id":84146,"date":"2010-03-01T00:01:53","date_gmt":"2010-02-28T23:01:53","guid":{"rendered":"http:\/\/www.editiondaslabor.de\/blog\/?p=84146"},"modified":"2022-02-18T14:11:27","modified_gmt":"2022-02-18T13:11:27","slug":"ueber-das-tier-in-der-kunst","status":"publish","type":"post","link":"http:\/\/www.editiondaslabor.de\/blog\/2010\/03\/01\/ueber-das-tier-in-der-kunst\/","title":{"rendered":"\u00dcber das Tier in der Kunst"},"content":{"rendered":"<p>&nbsp;<\/p>\n<p style=\"text-align: justify;\"><a href=\"http:\/\/www.editiondaslabor.de\/blog\/wp-content\/uploads\/2010\/03\/Blue-Horse-I-by-Franz-Marc.jpg\"><img loading=\"lazy\" decoding=\"async\" class=\"size-medium wp-image-84150 alignright\" src=\"http:\/\/www.editiondaslabor.de\/blog\/wp-content\/uploads\/2010\/03\/Blue-Horse-I-by-Franz-Marc-300x293.jpg\" alt=\"\" width=\"300\" height=\"293\" srcset=\"http:\/\/www.editiondaslabor.de\/blog\/wp-content\/uploads\/2010\/03\/Blue-Horse-I-by-Franz-Marc-300x293.jpg 300w, http:\/\/www.editiondaslabor.de\/blog\/wp-content\/uploads\/2010\/03\/Blue-Horse-I-by-Franz-Marc-260x254.jpg 260w, http:\/\/www.editiondaslabor.de\/blog\/wp-content\/uploads\/2010\/03\/Blue-Horse-I-by-Franz-Marc-160x156.jpg 160w, http:\/\/www.editiondaslabor.de\/blog\/wp-content\/uploads\/2010\/03\/Blue-Horse-I-by-Franz-Marc.jpg 523w\" sizes=\"auto, (max-width: 300px) 100vw, 300px\" \/><\/a>Meine Ziele liegen nicht in der Linie besonderer Tiermalerei. Ich suche einen guten, reinen und lichten Stil, in dem wenigstens ein Teil dessen, was mir moderne Maler zu sagen haben werden, restlos aufgehen kann. [Und das w\u00e4re vielleicht ein] \u3008Ich suche mein\u3009 Empfinden f\u00fcr den organischen Rhythmus aller Dinge \u3008zu steigern\u3009, [ein pantheistisches Sichhineinf\u00fchlen] \u3008suche mich pantheistisch einzuf\u00fchlen\u3009 in das Zittern und Rinnen des Blutes in der Natur, in den B\u00e4umen, in den Tieren, in der Luft \u2013 \u2013 \u2013; \u3008\u2013 suche\u3009 das zum [\u00bbBilde\u00ab] \u3008Bilde zu\u3009 machen, mit neuen Bewegungen und mit Farben, die unseres alten Staffeleibildes spotten. In Frankreich schult man sich seit mehr als einem halben Jahrhundert [auf] \u3008f\u00fcr\u3009 dieses Thema. Von Delacroix und Millet \u00fcber Degas, C\u00e9zanne zu van Gogh und den Pointillisten f\u00fchrt ein gerader Weg; und die j\u00fcngsten Franzosen sind in einem wundervollen Wettlauf nach diesem Ziel begriffen. Nur gehen sie, sonderbarerweise, dem nat\u00fcrlichsten Vorwurf f\u00fcr diese Kunst sorgf\u00e4ltig aus dem Wege: dem<i> Tierbild.<\/i> Ich sehe kein gl\u00fccklicheres Mittel zur \u00bb<i>Animalisierung<\/i> der Kunst\u00ab [, wie ich es nennen m\u00f6chte,] als das Tierbild. Darum greife ich danach. [Was wir anstreben, k\u00f6nnte man eine Animalisierung des Kunstempfindens nennen; bei] \u3008Bei\u3009 einem van Gogh oder einem Signac ist alles animalisch geworden, die Luft, selbst der Kahn, der auf dem Wasser ruht, und vor allem die Malerei selbst. Diese Bilder haben gar keine \u00c4hnlichkeit mehr mit dem, was man fr\u00fcher \u00bbBilder\u00ab nannte.<\/p>\n<p style=\"text-align: justify;\">Meine Plastik ist ein tastender Versuch nach derselben Richtung. Das Kreisen des Blutes in den beiden Pferdek\u00f6rpern, ausgedr\u00fcckt durch die mannigfachen Parallelismen und Schwingungen in den Linien. Der Beschauer sollte gar nicht nach dem \u00bbPferdetyp\u00ab fragen k\u00f6nnen, sondern das innerlich[e,] zitternde Tierleben herausf\u00fchlen. Ich habe absichtlich getrachtet, den Pferden jedes besondere Rassezeichen zu nehmen. Daher z.B. das Gewaltsame der Gliedma\u00dfen, das gewisserma\u00dfen unpferdehaft ist.<\/p>\n<p>&nbsp;<\/p>\n<p>&nbsp;<\/p>\n<p>&nbsp;<\/p>\n<h5 style=\"text-align: justify;\"><a href=\"http:\/\/www.editiondaslabor.de\/blog\/wp-content\/uploads\/2021\/05\/FranzMarc-e1621242809104.jpg\"><img loading=\"lazy\" decoding=\"async\" class=\"size-medium wp-image-84086 alignleft\" src=\"http:\/\/www.editiondaslabor.de\/blog\/wp-content\/uploads\/2021\/05\/FranzMarc-159x300.jpg\" alt=\"\" width=\"159\" height=\"300\" \/><\/a>Weiterf\u00fchrend \u2192<\/h5>\n<p style=\"text-align: justify;\">Erinnerung wird zunehmend auf neue Technologien ausgelagert. Das Grundproblem der Erinnerungskultur (siehe auch: <a href=\"http:\/\/www.editiondaslabor.de\/blog\/2012\/01\/01\/in-eigener-sache\/\">In eigener Sache<\/a>), der Zeugenschaft, der Autorschaft, ist die Frage: Wer erz\u00e4hlt, wer verarbeitet, wem eine Geschichte geh\u00f6rt? \u2013 <span data-offset-key=\"nqia-2-0\">\u201eKultur schafft und ist Kommunikation, Kultur lebt von der Kommunikation der Interessierten.\u201c, schreibt Haimo Hieronymus in einem der <a href=\"http:\/\/www.editiondaslabor.de\/blog\/2008\/06\/05\/interim-kulturnotizen\/\">Gr\u00fcndungstexte<\/a> von KUNO. <\/span>Die ausf\u00fchrliche Chronik des Projekts <em>Das Labor<\/em> lesen sie <a href=\"http:\/\/www.editiondaslabor.de\/blog\/2014\/12\/10\/zukunft-braucht-herkunft\/\">hier<\/a>. Diese Ausgrabungsst\u00e4tte f\u00fcr die Zukunft ist seit 2009 ein Label, die <em>Edition Das Labor<\/em>. Diese Edition arbeitet ohne Kapital, zuweilen mit Kapit\u00e4lchen, meist mit einer gro\u00dfen k\u00fcnstlerischen Spekulationskraft. Eine \u00dcbersicht \u00fcber die in diesem <em>Labor<\/em> seither realisierten K\u00fcnstlerb\u00fccher, B\u00fccher und H\u00f6rb\u00fccher finden Sie <a href=\"http:\/\/www.editiondaslabor.de\/\">hier<\/a>.<\/p>\n<p style=\"text-align: justify;\">Zum Thema K\u00fcnstlerb\u00fccher finden Sie hier einen <a href=\"http:\/\/www.editiondaslabor.de\/blog\/?p=12840\">Essay<\/a> sowie einen <a href=\"http:\/\/www.editiondaslabor.de\/blog\/?p=834\">Artikel<\/a> von J.C. Albers. Vertiefend auch das <a href=\"http:\/\/www.editiondaslabor.de\/blog\/?p=21407\">Kollegengespr\u00e4ch<\/a> mit Haimo Hieronymus \u00fcber Material, Medium und Faszination des Werkstoffs Papier.<\/p>\n<p style=\"text-align: justify;\">Die K\u00fcnstlerbucher sind erh\u00e4ltlich \u00fcber die Werkstattgalerie Der Bogen, Tel. 0173 7276421<\/p>\n<p style=\"text-align: justify;\">\n","protected":false},"excerpt":{"rendered":"<p>&nbsp; Meine Ziele liegen nicht in der Linie besonderer Tiermalerei. Ich suche einen guten, reinen und lichten Stil, in dem wenigstens ein Teil dessen, was mir moderne Maler zu sagen haben werden, restlos aufgehen kann. [Und das w\u00e4re vielleicht ein]&hellip;<\/p>\n<p class=\"more-link-p\"><a class=\"more-link\" href=\"http:\/\/www.editiondaslabor.de\/blog\/2010\/03\/01\/ueber-das-tier-in-der-kunst\/\">Read more &rarr;<\/a><\/p>\n","protected":false},"author":221,"featured_media":98256,"comment_status":"closed","ping_status":"closed","sticky":false,"template":"","format":"standard","meta":{"footnotes":""},"categories":[1],"tags":[2878],"class_list":["post-84146","post","type-post","status-publish","format-standard","has-post-thumbnail","hentry","category-literatur","tag-franz-marc"],"_links":{"self":[{"href":"http:\/\/www.editiondaslabor.de\/blog\/wp-json\/wp\/v2\/posts\/84146","targetHints":{"allow":["GET"]}}],"collection":[{"href":"http:\/\/www.editiondaslabor.de\/blog\/wp-json\/wp\/v2\/posts"}],"about":[{"href":"http:\/\/www.editiondaslabor.de\/blog\/wp-json\/wp\/v2\/types\/post"}],"author":[{"embeddable":true,"href":"http:\/\/www.editiondaslabor.de\/blog\/wp-json\/wp\/v2\/users\/221"}],"replies":[{"embeddable":true,"href":"http:\/\/www.editiondaslabor.de\/blog\/wp-json\/wp\/v2\/comments?post=84146"}],"version-history":[{"count":1,"href":"http:\/\/www.editiondaslabor.de\/blog\/wp-json\/wp\/v2\/posts\/84146\/revisions"}],"predecessor-version":[{"id":98285,"href":"http:\/\/www.editiondaslabor.de\/blog\/wp-json\/wp\/v2\/posts\/84146\/revisions\/98285"}],"wp:featuredmedia":[{"embeddable":true,"href":"http:\/\/www.editiondaslabor.de\/blog\/wp-json\/wp\/v2\/media\/98256"}],"wp:attachment":[{"href":"http:\/\/www.editiondaslabor.de\/blog\/wp-json\/wp\/v2\/media?parent=84146"}],"wp:term":[{"taxonomy":"category","embeddable":true,"href":"http:\/\/www.editiondaslabor.de\/blog\/wp-json\/wp\/v2\/categories?post=84146"},{"taxonomy":"post_tag","embeddable":true,"href":"http:\/\/www.editiondaslabor.de\/blog\/wp-json\/wp\/v2\/tags?post=84146"}],"curies":[{"name":"wp","href":"https:\/\/api.w.org\/{rel}","templated":true}]}}