{"id":84044,"date":"2021-05-22T00:01:12","date_gmt":"2021-05-21T22:01:12","guid":{"rendered":"http:\/\/www.editiondaslabor.de\/blog\/?p=84044"},"modified":"2022-02-19T08:47:49","modified_gmt":"2022-02-19T07:47:49","slug":"im-dialog","status":"publish","type":"post","link":"http:\/\/www.editiondaslabor.de\/blog\/2021\/05\/22\/im-dialog\/","title":{"rendered":"Im Dialog"},"content":{"rendered":"<div id=\"attachment_84045\" style=\"width: 1087px\" class=\"wp-caption aligncenter\"><a href=\"http:\/\/www.editiondaslabor.de\/blog\/wp-content\/uploads\/2021\/05\/Krumscheid.jpg\"><img loading=\"lazy\" decoding=\"async\" aria-describedby=\"caption-attachment-84045\" class=\"wp-image-84045 size-full\" src=\"http:\/\/www.editiondaslabor.de\/blog\/wp-content\/uploads\/2021\/05\/Krumscheid.jpg\" alt=\"\" width=\"1077\" height=\"536\" srcset=\"http:\/\/www.editiondaslabor.de\/blog\/wp-content\/uploads\/2021\/05\/Krumscheid.jpg 1077w, http:\/\/www.editiondaslabor.de\/blog\/wp-content\/uploads\/2021\/05\/Krumscheid-300x149.jpg 300w, http:\/\/www.editiondaslabor.de\/blog\/wp-content\/uploads\/2021\/05\/Krumscheid-1024x510.jpg 1024w, http:\/\/www.editiondaslabor.de\/blog\/wp-content\/uploads\/2021\/05\/Krumscheid-768x382.jpg 768w, http:\/\/www.editiondaslabor.de\/blog\/wp-content\/uploads\/2021\/05\/Krumscheid-560x279.jpg 560w, http:\/\/www.editiondaslabor.de\/blog\/wp-content\/uploads\/2021\/05\/Krumscheid-260x129.jpg 260w, http:\/\/www.editiondaslabor.de\/blog\/wp-content\/uploads\/2021\/05\/Krumscheid-160x80.jpg 160w\" sizes=\"auto, (max-width: 1077px) 100vw, 1077px\" \/><\/a><p id=\"caption-attachment-84045\" class=\"wp-caption-text\">Klaus Krumscheid bei der Arbeit. Photo: <span class=\"d2edcug0 hpfvmrgz qv66sw1b c1et5uql oi732d6d ik7dh3pa ht8s03o8 a8c37x1j keod5gw0 nxhoafnm aigsh9s9 d3f4x2em fe6kdd0r mau55g9w c8b282yb iv3no6db jq4qci2q a3bd9o3v knj5qynh oo9gr5id\" dir=\"auto\">Kunstverein Linz<\/span><\/p><\/div>\n<p>&nbsp;<\/p>\n<p style=\"text-align: justify;\"><span class=\"d2edcug0 hpfvmrgz qv66sw1b c1et5uql oi732d6d ik7dh3pa ht8s03o8 a8c37x1j keod5gw0 nxhoafnm aigsh9s9 d3f4x2em fe6kdd0r mau55g9w c8b282yb iv3no6db jq4qci2q a3bd9o3v knj5qynh oo9gr5id\" dir=\"auto\">Seit dem 9. Mai 2021 entspinnt sich ein gedruckter Dialog zwischen Klaus Krumscheid und D\u00e9sir\u00e9e Wickler. Die Konversation erweitert sich t\u00e4glich. Gegenl\u00e4ufig zum schnellen Verschicken von Texten und Bildern sind die per Hand gedruckten Grafiken aufwendig in der Herstellung und erfordern eine mehrt\u00e4gige Umsetzung. Allt\u00e4gliche Blicke und skurrile kleine Erz\u00e4hlungen finden sich im \u201eGespr\u00e4ch\u201c wieder und k\u00f6nnen bis zum 23. Mai 2021 vor Ort mitverfolgt werden.<\/span><\/p>\n<p style=\"text-align: justify;\"><span class=\"d2edcug0 hpfvmrgz qv66sw1b c1et5uql oi732d6d ik7dh3pa ht8s03o8 a8c37x1j keod5gw0 nxhoafnm aigsh9s9 d3f4x2em fe6kdd0r mau55g9w c8b282yb iv3no6db jq4qci2q a3bd9o3v knj5qynh oo9gr5id\" dir=\"auto\">KUNO empfiehlt einen Pfingstausflug an den Rheinkilometer 630 zur<\/span><span class=\"aCOpRe\"> bunten Stadt am Rhein.<\/span><\/p>\n<p style=\"text-align: justify;\"><span class=\"d2edcug0 hpfvmrgz qv66sw1b c1et5uql oi732d6d ik7dh3pa ht8s03o8 a8c37x1j keod5gw0 nxhoafnm aigsh9s9 d3f4x2em fe6kdd0r mau55g9w c8b282yb iv3no6db jq4qci2q a3bd9o3v knj5qynh oo9gr5id\" dir=\"auto\">Kunstverein Linz, Marktplatz 9, <span class=\"aCOpRe\">53545 Linz am Rhein<\/span><br \/>\n<\/span><\/p>\n<p>&nbsp;<\/p>\n<p>&nbsp;<\/p>\n<p style=\"text-align: justify;\"><strong>W<\/strong><strong>eiterf\u00fchrend<\/strong><\/p>\n<p style=\"text-align: justify;\"><strong>\u2192<\/strong> Eine Erinnerung an den ganzj\u00e4hrigen Ausstellungszyklus <a href=\"http:\/\/www.editiondaslabor.de\/blog\/?p=12791\">Rheintorprojekt<\/a>, kuratiert von Klaus Krumscheid und A.J. Weigoni.<\/p>\n<p style=\"text-align: justify;\"><strong>\u2192 <\/strong>Lesen Sie auch den <a href=\"http:\/\/www.editiondaslabor.de\/blog\/?p=21518\">Essay<\/a> <em>50 Jahre Krumscheid \/ Meilchen<\/em> \u00fcber die Retrospektive im Kunstverein Linz.<\/p>\n<p style=\"text-align: justify;\"><strong>\u2192 <\/strong>Mit den <a href=\"http:\/\/www.editiondaslabor.de\/blog\/?p=12899\"><em>Vignetten<\/em><\/a> definierte A.J. Weigoni eine Literaturgattung neu. Die Novelle erscheint in der Umsetzung als H\u00f6rbuch und das Buch\/Katalog-Projekt <a href=\"http:\/\/www.editiondaslabor.de\/blog\/?p=46549\"><em>630<\/em><\/a> zur Ausstellung von Peter Meilchen im Kunstverein Linz.<\/p>\n","protected":false},"excerpt":{"rendered":"<p>&nbsp; Seit dem 9. Mai 2021 entspinnt sich ein gedruckter Dialog zwischen Klaus Krumscheid und D\u00e9sir\u00e9e Wickler. Die Konversation erweitert sich t\u00e4glich. Gegenl\u00e4ufig zum schnellen Verschicken von Texten und Bildern sind die per Hand gedruckten Grafiken aufwendig in der Herstellung&hellip;<\/p>\n<p class=\"more-link-p\"><a class=\"more-link\" href=\"http:\/\/www.editiondaslabor.de\/blog\/2021\/05\/22\/im-dialog\/\">Read more &rarr;<\/a><\/p>\n","protected":false},"author":2,"featured_media":98474,"comment_status":"closed","ping_status":"closed","sticky":false,"template":"","format":"standard","meta":{"footnotes":""},"categories":[1],"tags":[2936,48],"class_list":["post-84044","post","type-post","status-publish","format-standard","has-post-thumbnail","hentry","category-literatur","tag-desiree-wickler","tag-klaus-krumscheid"],"_links":{"self":[{"href":"http:\/\/www.editiondaslabor.de\/blog\/wp-json\/wp\/v2\/posts\/84044","targetHints":{"allow":["GET"]}}],"collection":[{"href":"http:\/\/www.editiondaslabor.de\/blog\/wp-json\/wp\/v2\/posts"}],"about":[{"href":"http:\/\/www.editiondaslabor.de\/blog\/wp-json\/wp\/v2\/types\/post"}],"author":[{"embeddable":true,"href":"http:\/\/www.editiondaslabor.de\/blog\/wp-json\/wp\/v2\/users\/2"}],"replies":[{"embeddable":true,"href":"http:\/\/www.editiondaslabor.de\/blog\/wp-json\/wp\/v2\/comments?post=84044"}],"version-history":[{"count":1,"href":"http:\/\/www.editiondaslabor.de\/blog\/wp-json\/wp\/v2\/posts\/84044\/revisions"}],"predecessor-version":[{"id":98491,"href":"http:\/\/www.editiondaslabor.de\/blog\/wp-json\/wp\/v2\/posts\/84044\/revisions\/98491"}],"wp:featuredmedia":[{"embeddable":true,"href":"http:\/\/www.editiondaslabor.de\/blog\/wp-json\/wp\/v2\/media\/98474"}],"wp:attachment":[{"href":"http:\/\/www.editiondaslabor.de\/blog\/wp-json\/wp\/v2\/media?parent=84044"}],"wp:term":[{"taxonomy":"category","embeddable":true,"href":"http:\/\/www.editiondaslabor.de\/blog\/wp-json\/wp\/v2\/categories?post=84044"},{"taxonomy":"post_tag","embeddable":true,"href":"http:\/\/www.editiondaslabor.de\/blog\/wp-json\/wp\/v2\/tags?post=84044"}],"curies":[{"name":"wp","href":"https:\/\/api.w.org\/{rel}","templated":true}]}}