{"id":8400,"date":"2012-11-18T00:01:18","date_gmt":"2012-11-17T23:01:18","guid":{"rendered":"http:\/\/www.editiondaslabor.de\/blog\/?p=8400"},"modified":"2022-02-27T17:58:03","modified_gmt":"2022-02-27T16:58:03","slug":"metaphysische-schwere","status":"publish","type":"post","link":"http:\/\/www.editiondaslabor.de\/blog\/2012\/11\/18\/metaphysische-schwere\/","title":{"rendered":"Metaphysische Schwere trifft auf ironisch gebrochene Schwermut"},"content":{"rendered":"<p align=\"right\"><span style=\"color: #999999;\"><em>Und stelle fest, dass ich in Wirklichkeit nach unten gleite,<\/em><\/span><\/p>\n<p align=\"right\"><span style=\"color: #999999;\"><em>tiefer und tiefer.<\/em><\/span><\/p>\n<p><em>\u00a0<\/em><\/p>\n<p style=\"text-align: justify;\"><a href=\"http:\/\/www.editiondaslabor.de\/blog\/wp-content\/uploads\/2012\/11\/PopCover.jpg\"><img loading=\"lazy\" decoding=\"async\" class=\"alignleft size-thumbnail wp-image-8402\" title=\"PopCover\" src=\"http:\/\/www.editiondaslabor.de\/blog\/wp-content\/uploads\/2012\/11\/PopCover-150x150.jpg\" alt=\"\" width=\"150\" height=\"150\" \/><\/a>Nichts, was in der Poesie von Traian Pop keinen Platz f\u00e4nde: die eigene Biografie, da sind Orte, allen voran Kronstadt, und da ist die Dichtung, die zur poetologischen Reflexion herausfordert. Er interessiert sich daf\u00fcr, wie K\u00f6rper und Sprache und Sprachk\u00f6rper sich zueinander verhalten. Pop ist ein Autor, der erz\u00e4hlt und reflektiert, der biografische und topografische R\u00e4ume er\u00f6ffnet.<\/p>\n<p style=\"text-align: justify;\">\u201eTut Dichtung eigentlich weh? Ist Schmerz nicht &#8230; fester Bestandteil eines Gedichts?\u201c fragt Traian Pop in seinem St\u00fcck <em>Sch\u00f6ne Aussichten<\/em>. Er versteht es, Landschaften zu evozieren und gleichzeitig das Ich in Relation zu ihnen zu setzen. Es geht um ein dialogisches Verh\u00e4ltnis, das Licht auf beide wirft, wobei die Wahrnehmung ebenso auf das Gesehene einwirkt wie das Gesehene auf das sehende Subjekt.<\/p>\n<p style=\"text-align: justify;\">\u201eTraian Pops St\u00fcck ist eine konsequent s\u00e4kularisierte Trag\u00f6die, die Aufhebung des Tragischen im Komischen, im Absurden\u201c, <a href=\"http:\/\/www.editiondaslabor.de\/blog\/2008\/09\/10\/aussichten\/\">schreibt<\/a> Ulrich Bergmann \u00fcber <em>Sch\u00f6ne Aussichten<\/em>.<\/p>\n<p style=\"text-align: right;\"><span style=\"color: #999999;\">Autor, Verleger, Netzwerker<\/span><\/p>\n<p style=\"text-align: justify;\"><a href=\"http:\/\/www.editiondaslabor.de\/blog\/wp-content\/uploads\/2012\/11\/IoonaCover.jpg\"><img loading=\"lazy\" decoding=\"async\" class=\"size-thumbnail wp-image-8403 alignright\" title=\"IoonaCover\" src=\"http:\/\/www.editiondaslabor.de\/blog\/wp-content\/uploads\/2012\/11\/IoonaCover-150x150.jpg\" alt=\"\" width=\"150\" height=\"150\" srcset=\"http:\/\/www.editiondaslabor.de\/blog\/wp-content\/uploads\/2012\/11\/IoonaCover-150x150.jpg 150w, http:\/\/www.editiondaslabor.de\/blog\/wp-content\/uploads\/2012\/11\/IoonaCover.jpg 300w\" sizes=\"auto, (max-width: 150px) 100vw, 150px\" \/><\/a>Auch als Verleger zeigt Traian Pop ein gutes Gesp\u00fcr f\u00fcr starke Manuskripte: Mit B\u00fcchern wie Francisca Ricinskis lyrischer Prosa <a href=\"http:\/\/www.editiondaslabor.de\/blog\/?p=235\">Auf silikonweichen Pfoten<\/a>, <a href=\"http:\/\/www.vordenker.de\/kollegen\/rauschan.htm\">Ioona Rauschans<\/a> Roman<em> Abhauen<\/em> oder Theo Breuers Gedichtbuch <a href=\"http:\/\/www.editiondaslabor.de\/blog\/?p=8072\">Das gewonnene Alphabet<\/a> (um nur drei Titel aus aus einem reichhaltigen Programm zu benennen) sind ihm Publikationen gelungen, die in ihrer Eindringlichkeit zeigen, wie unverzichtbar Literatur f\u00fcr die Gesellschaft ist. Literatur ist nicht nur Dekor des Lebens, das neue Gesellschaftsmodell ben\u00f6tigt neue Literaturformen. \u00dcber Verfremdungen dr\u00fcckt Literatur die Befindlichkeiten, W\u00fcnsche, Hoffnungen und Bef\u00fcrchtungen der Menschen aus. In Zeiten tiefgreifender Ver\u00e4nderungen verschwimmen deshalb auch die Grenzen zwischen den so genannten Literaturproduzenten und dem sogenannten Publikum.<\/p>\n<p style=\"text-align: right;\"><span style=\"color: #999999;\">Literarische Netzwerke<\/span><\/p>\n<p style=\"text-align: justify;\"><a href=\"http:\/\/www.editiondaslabor.de\/blog\/wp-content\/uploads\/2012\/11\/MATRIX-1-2010-1_1.gif\"><img loading=\"lazy\" decoding=\"async\" class=\"alignleft size-medium wp-image-8405\" title=\"MATRIX-1-2010-1_1\" src=\"http:\/\/www.editiondaslabor.de\/blog\/wp-content\/uploads\/2012\/11\/MATRIX-1-2010-1_1-207x300.gif\" alt=\"\" width=\"207\" height=\"300\" srcset=\"http:\/\/www.editiondaslabor.de\/blog\/wp-content\/uploads\/2012\/11\/MATRIX-1-2010-1_1-207x300.gif 207w, http:\/\/www.editiondaslabor.de\/blog\/wp-content\/uploads\/2012\/11\/MATRIX-1-2010-1_1.gif 475w\" sizes=\"auto, (max-width: 207px) 100vw, 207px\" \/><\/a>Die ganze Facette dieser unangepassten Literatur ist in der Literarturzeitschrift <em>Matrix<\/em> nachzulesen. Seit 2005 gibt Traian Pop im von ihm geleiteten Ludwigsburger Pop Verlag die Literaturzeitschrift viermal j\u00e4hrlich heraus. Er formte eine Redaktion mit gro\u00dfem Mitarbeiterstab, der die verschiedenen, im Hinblick auf Auswahl und Qualit\u00e4t wesentlichen Aufgaben zur Gestaltung der Zeitschrift \u00fcbernimmt. Die Zeitschrift hat einen jeweiligen Umfang von rund 170 Seiten, ausnahmsweise auch einmal fast 300 Seiten. Artikel, Buchbesprechung, Erz\u00e4hlung, Essay, Gedicht, Interview, Theaterst\u00fcck, \u00dcbersetzung zu freien Themen bzw. thematischen Schwerpunkten werden in Kapiteln wie <em>Atelier, Deb\u00fct, Rezensionen, Zeitgeschichte<\/em> u.a. vorgestellt und erm\u00f6glichen einen umfassenden Blick auf das zeitgen\u00f6ssische literarische Schaffen von Autoren des deutschen Sprachraums und dar\u00fcber hinaus. In der Rubrik <em>Die Welt und ihre Dichter<\/em> werden Autoren verschiedenster L\u00e4ndern bzw. Sprachgebiete vorgestellt. Schwerpunkte einzelner Ausgaben sind u.a. die Pr\u00e4sentation rum\u00e4niendeutscher Schriftsteller wie <a href=\"http:\/\/de.wikipedia.org\/wiki\/Johann_Lippet\">Johann Lippet<\/a>, <a href=\"http:\/\/de.wikipedia.org\/wiki\/Herta_M%C3%BCller\">Herta M\u00fcller<\/a> und Horst Samson oder deutschsprachiger Literaten rum\u00e4nischer Herkunft wie Papi oder Francisca Ricinski. \u00dcber die aktuelle, von einem universalen Konzept ausgehende Literatur hinaus widmet sich die Zeitschrift in der Matrix-Ausstellung in jeder Ausgabe einem zeitgen\u00f6ssischen k\u00fcnstlerischen Werk, das unter anderem mit mehrfarbigen Abbildungen vorgestellt wird.<\/p>\n<p>&nbsp;<\/p>\n<p align=\"center\"><span style=\"color: #000000;\">* * *<\/span><\/p>\n<p style=\"text-align: justify;\"><span style=\"color: #000000;\">Traian Pop, <span style=\"color: #000080;\"><a href=\"http:\/\/www.pop-verlag.com\/edition-matrix\/index.htm\"><span style=\"color: #000080;\"><strong>Matrix<\/strong> \u00b7 Literaturzeitschrift<\/span><\/a><\/span>, aktuelle Ausgabe: <em><span style=\"color: #000080;\"><a href=\"http:\/\/www.editiondaslabor.de\/blog\/?p=7367\"><span style=\"color: #000080;\">Matrix 29<\/span><\/a><\/span>. Jeder auf seine Art f\u00fcr Hans Bender<\/em>, Pop-Verlag, Ludwigsburg 2012.<br \/>\n<\/span><\/p>\n<p style=\"text-align: justify;\"><span style=\"color: #000000;\">Traian Pop, <strong>Sch\u00f6ne Aussichten<\/strong>, 72 Seiten, Broschur, Verlag im Wald, Rimbach 2005.<\/span><\/p>\n","protected":false},"excerpt":{"rendered":"<p>Und stelle fest, dass ich in Wirklichkeit nach unten gleite, tiefer und tiefer. \u00a0 Nichts, was in der Poesie von Traian Pop keinen Platz f\u00e4nde: die eigene Biografie, da sind Orte, allen voran Kronstadt, und da ist die Dichtung, die&hellip;<\/p>\n<p class=\"more-link-p\"><a class=\"more-link\" href=\"http:\/\/www.editiondaslabor.de\/blog\/2012\/11\/18\/metaphysische-schwere\/\">Read more &rarr;<\/a><\/p>\n","protected":false},"author":257,"featured_media":101074,"comment_status":"open","ping_status":"open","sticky":false,"template":"","format":"standard","meta":{"footnotes":""},"categories":[1],"tags":[93,427,934,36,443,933,84,301],"class_list":["post-8400","post","type-post","status-publish","format-standard","has-post-thumbnail","hentry","category-literatur","tag-francisca-ricinski","tag-herta-muller","tag-horst-samson","tag-ioona-rauschan","tag-johann-lippet","tag-papi","tag-theo-breuer","tag-traian-pop"],"_links":{"self":[{"href":"http:\/\/www.editiondaslabor.de\/blog\/wp-json\/wp\/v2\/posts\/8400","targetHints":{"allow":["GET"]}}],"collection":[{"href":"http:\/\/www.editiondaslabor.de\/blog\/wp-json\/wp\/v2\/posts"}],"about":[{"href":"http:\/\/www.editiondaslabor.de\/blog\/wp-json\/wp\/v2\/types\/post"}],"author":[{"embeddable":true,"href":"http:\/\/www.editiondaslabor.de\/blog\/wp-json\/wp\/v2\/users\/257"}],"replies":[{"embeddable":true,"href":"http:\/\/www.editiondaslabor.de\/blog\/wp-json\/wp\/v2\/comments?post=8400"}],"version-history":[{"count":1,"href":"http:\/\/www.editiondaslabor.de\/blog\/wp-json\/wp\/v2\/posts\/8400\/revisions"}],"predecessor-version":[{"id":101100,"href":"http:\/\/www.editiondaslabor.de\/blog\/wp-json\/wp\/v2\/posts\/8400\/revisions\/101100"}],"wp:featuredmedia":[{"embeddable":true,"href":"http:\/\/www.editiondaslabor.de\/blog\/wp-json\/wp\/v2\/media\/101074"}],"wp:attachment":[{"href":"http:\/\/www.editiondaslabor.de\/blog\/wp-json\/wp\/v2\/media?parent=8400"}],"wp:term":[{"taxonomy":"category","embeddable":true,"href":"http:\/\/www.editiondaslabor.de\/blog\/wp-json\/wp\/v2\/categories?post=8400"},{"taxonomy":"post_tag","embeddable":true,"href":"http:\/\/www.editiondaslabor.de\/blog\/wp-json\/wp\/v2\/tags?post=8400"}],"curies":[{"name":"wp","href":"https:\/\/api.w.org\/{rel}","templated":true}]}}