{"id":83879,"date":"2024-04-30T00:01:01","date_gmt":"2024-04-29T22:01:01","guid":{"rendered":"http:\/\/www.editiondaslabor.de\/blog\/?p=83879"},"modified":"2022-02-23T11:11:04","modified_gmt":"2022-02-23T10:11:04","slug":"platz","status":"publish","type":"post","link":"http:\/\/www.editiondaslabor.de\/blog\/2024\/04\/30\/platz\/","title":{"rendered":"Platz"},"content":{"rendered":"<p>&nbsp;<\/p>\n<p><strong>\u00a0<\/strong><\/p>\n<p>Im Vorhaus brennt die Zugluft. Kahle<\/p>\n<p>W\u00e4nde die R\u00f6hren unter Putz. Das Licht<\/p>\n<p>scheint unerbittlich.<\/p>\n<p>&nbsp;<\/p>\n<p>Silberfische in den Fugen am\u00fcsieren sich<\/p>\n<p>in\u00a0 kalkigem Wasser. Feste feiern wie sie fallen.<\/p>\n<p>&nbsp;<\/p>\n<p>Das Tempo zeigt Geduld. In den dunklen<\/p>\n<p>Treppenh\u00e4usern segeln bunte Kissen<\/p>\n<p>von oben nach unten.<\/p>\n<p>&nbsp;<\/p>\n<p>Platz bedeutet nicht unbedingt Platz.<\/p>\n<p>&nbsp;<\/p>\n<p>&nbsp;<\/p>\n<p>&nbsp;<\/p>\n<p style=\"text-align: justify;\"><strong><a href=\"http:\/\/www.editiondaslabor.de\/blog\/wp-content\/uploads\/2015\/06\/JuliettaFix.jpg\"><img loading=\"lazy\" decoding=\"async\" class=\"size-medium wp-image-83875 alignleft\" src=\"http:\/\/www.editiondaslabor.de\/blog\/wp-content\/uploads\/2015\/06\/JuliettaFix-190x300.jpg\" alt=\"\" width=\"190\" height=\"300\" srcset=\"http:\/\/www.editiondaslabor.de\/blog\/wp-content\/uploads\/2015\/06\/JuliettaFix-190x300.jpg 190w, http:\/\/www.editiondaslabor.de\/blog\/wp-content\/uploads\/2015\/06\/JuliettaFix-260x411.jpg 260w, http:\/\/www.editiondaslabor.de\/blog\/wp-content\/uploads\/2015\/06\/JuliettaFix-160x253.jpg 160w, http:\/\/www.editiondaslabor.de\/blog\/wp-content\/uploads\/2015\/06\/JuliettaFix.jpg 316w\" sizes=\"auto, (max-width: 190px) 100vw, 190px\" \/><\/a>Weiterf\u00fchrend \u2192<\/strong><\/p>\n<p>Eine Erinnerung an <a href=\"http:\/\/www.editiondaslabor.de\/blog\/?p=3563\">fixpoetry<\/a>.<\/p>\n<p style=\"text-align: justify;\">Poesie z\u00e4hlt f\u00fcr KUNO weiterhin zu den identit\u00e4ts- und identifikationstiftenden Elementen einer Kultur, dies bezeugte auch der Versuch einer <a href=\"http:\/\/www.editiondaslabor.de\/blog\/?p=25630\">poetologischen Positionsbestimmung<\/a>.<\/p>\n","protected":false},"excerpt":{"rendered":"<p>&nbsp; \u00a0 Im Vorhaus brennt die Zugluft. Kahle W\u00e4nde die R\u00f6hren unter Putz. Das Licht scheint unerbittlich. &nbsp; Silberfische in den Fugen am\u00fcsieren sich in\u00a0 kalkigem Wasser. Feste feiern wie sie fallen. &nbsp; Das Tempo zeigt Geduld. In den dunklen&hellip;<\/p>\n<p class=\"more-link-p\"><a class=\"more-link\" href=\"http:\/\/www.editiondaslabor.de\/blog\/2024\/04\/30\/platz\/\">Read more &rarr;<\/a><\/p>\n","protected":false},"author":66,"featured_media":99798,"comment_status":"closed","ping_status":"closed","sticky":false,"template":"","format":"standard","meta":{"footnotes":""},"categories":[1],"tags":[328],"class_list":["post-83879","post","type-post","status-publish","format-standard","has-post-thumbnail","hentry","category-literatur","tag-julietta-fix"],"_links":{"self":[{"href":"http:\/\/www.editiondaslabor.de\/blog\/wp-json\/wp\/v2\/posts\/83879","targetHints":{"allow":["GET"]}}],"collection":[{"href":"http:\/\/www.editiondaslabor.de\/blog\/wp-json\/wp\/v2\/posts"}],"about":[{"href":"http:\/\/www.editiondaslabor.de\/blog\/wp-json\/wp\/v2\/types\/post"}],"author":[{"embeddable":true,"href":"http:\/\/www.editiondaslabor.de\/blog\/wp-json\/wp\/v2\/users\/66"}],"replies":[{"embeddable":true,"href":"http:\/\/www.editiondaslabor.de\/blog\/wp-json\/wp\/v2\/comments?post=83879"}],"version-history":[{"count":1,"href":"http:\/\/www.editiondaslabor.de\/blog\/wp-json\/wp\/v2\/posts\/83879\/revisions"}],"predecessor-version":[{"id":99799,"href":"http:\/\/www.editiondaslabor.de\/blog\/wp-json\/wp\/v2\/posts\/83879\/revisions\/99799"}],"wp:featuredmedia":[{"embeddable":true,"href":"http:\/\/www.editiondaslabor.de\/blog\/wp-json\/wp\/v2\/media\/99798"}],"wp:attachment":[{"href":"http:\/\/www.editiondaslabor.de\/blog\/wp-json\/wp\/v2\/media?parent=83879"}],"wp:term":[{"taxonomy":"category","embeddable":true,"href":"http:\/\/www.editiondaslabor.de\/blog\/wp-json\/wp\/v2\/categories?post=83879"},{"taxonomy":"post_tag","embeddable":true,"href":"http:\/\/www.editiondaslabor.de\/blog\/wp-json\/wp\/v2\/tags?post=83879"}],"curies":[{"name":"wp","href":"https:\/\/api.w.org\/{rel}","templated":true}]}}