{"id":83752,"date":"2024-06-19T00:01:47","date_gmt":"2024-06-18T22:01:47","guid":{"rendered":"http:\/\/www.editiondaslabor.de\/blog\/?p=83752"},"modified":"2022-02-22T21:06:27","modified_gmt":"2022-02-22T20:06:27","slug":"buchstabenkonstellationen","status":"publish","type":"post","link":"http:\/\/www.editiondaslabor.de\/blog\/2024\/06\/19\/buchstabenkonstellationen\/","title":{"rendered":"Buchstabenkonstellationen"},"content":{"rendered":"<p style=\"text-align: justify;\"><span style=\"font-size: 11.0pt; font-family: 'Verdana',sans-serif;\">\u00a0<\/span><\/p>\n<p style=\"text-align: justify;\"><span style=\"font-size: 11.0pt; font-family: 'Verdana',sans-serif;\">&#8222;Die naive \u00dcbereinstimmung von Wort und Sache, Ausdruck und Wirklichkeit, ist zerschlissen durch den tats\u00e4chlichen Gebrauch der Sprache wie durch die unerh\u00f6rte Kluft zwischen dem Faktischen dieser Realit\u00e4t und den Worten, die damit fertig werden sollen.&#8220;<\/span><\/p>\n<p>&nbsp;<\/p>\n<p>&nbsp;<\/p>\n<p>&nbsp;<\/p>\n<p style=\"text-align: center;\">***<\/p>\n<p class=\"id-article-content-item\" style=\"margin: 0cm 0cm 0.0001pt; line-height: 15pt; text-align: justify;\"><span style=\"font-size: 11.0pt; font-family: 'Verdana',sans-serif;\">\u00a0<\/span><\/p>\n<p class=\"id-article-content-item\" style=\"margin: 0cm 0cm 0.0001pt; line-height: 15pt; text-align: justify;\"><span style=\"font-size: 11.0pt; font-family: 'Verdana',sans-serif;\"><a href=\"http:\/\/www.editiondaslabor.de\/blog\/wp-content\/uploads\/2021\/05\/Mon_Cover.jpg\"><img loading=\"lazy\" decoding=\"async\" class=\"alignleft size-full wp-image-83753\" src=\"http:\/\/www.editiondaslabor.de\/blog\/wp-content\/uploads\/2021\/05\/Mon_Cover.jpg\" alt=\"\" width=\"300\" height=\"300\" srcset=\"http:\/\/www.editiondaslabor.de\/blog\/wp-content\/uploads\/2021\/05\/Mon_Cover.jpg 300w, http:\/\/www.editiondaslabor.de\/blog\/wp-content\/uploads\/2021\/05\/Mon_Cover-150x150.jpg 150w, http:\/\/www.editiondaslabor.de\/blog\/wp-content\/uploads\/2021\/05\/Mon_Cover-260x260.jpg 260w, http:\/\/www.editiondaslabor.de\/blog\/wp-content\/uploads\/2021\/05\/Mon_Cover-160x160.jpg 160w\" sizes=\"auto, (max-width: 300px) 100vw, 300px\" \/><\/a><\/span><\/p>\n<p style=\"text-align: justify;\"><span style=\"font-size: 11.0pt; font-family: 'Verdana',sans-serif;\">Sprache wird bei Franz Mon Stimme, Stimme wird Schrift, Schrift wird Bild, Bild wird Text.<\/span><\/p>\n<p class=\"id-article-content-item\" style=\"margin: 0cm 0cm 0.0001pt; line-height: 15pt; text-align: justify;\"><span style=\"font-size: 11.0pt; font-family: 'Verdana',sans-serif;\">\u00a0<\/span><\/p>\n<p style=\"text-align: justify;\"><strong>Weiterf\u00fchrend \u2192<\/strong>\u00a0Poesie z\u00e4hlt f\u00fcr KUNO weiterhin zu den identit\u00e4ts- und identifikationstiftenden Elementen einer Kultur, dies bezeugte auch der Versuch einer <a href=\"http:\/\/www.editiondaslabor.de\/blog\/?p=25630\">poetologischen Positionsbestimmung<\/a>.<\/p>\n<h1 style=\"text-align: justify;\"><span lang=\"X-NONE\" style=\"font-size: 11.0pt; font-family: 'Verdana',sans-serif; color: windowtext;\">\u00a0<\/span><\/h1>\n<p style=\"text-align: justify;\">\n","protected":false},"excerpt":{"rendered":"<p>\u00a0 &#8222;Die naive \u00dcbereinstimmung von Wort und Sache, Ausdruck und Wirklichkeit, ist zerschlissen durch den tats\u00e4chlichen Gebrauch der Sprache wie durch die unerh\u00f6rte Kluft zwischen dem Faktischen dieser Realit\u00e4t und den Worten, die damit fertig werden sollen.&#8220; &nbsp; &nbsp; &nbsp;&hellip;<\/p>\n<p class=\"more-link-p\"><a class=\"more-link\" href=\"http:\/\/www.editiondaslabor.de\/blog\/2024\/06\/19\/buchstabenkonstellationen\/\">Read more &rarr;<\/a><\/p>\n","protected":false},"author":2,"featured_media":98207,"comment_status":"closed","ping_status":"closed","sticky":false,"template":"","format":"standard","meta":{"footnotes":""},"categories":[1],"tags":[2933],"class_list":["post-83752","post","type-post","status-publish","format-standard","has-post-thumbnail","hentry","category-literatur","tag-franz-mon"],"_links":{"self":[{"href":"http:\/\/www.editiondaslabor.de\/blog\/wp-json\/wp\/v2\/posts\/83752","targetHints":{"allow":["GET"]}}],"collection":[{"href":"http:\/\/www.editiondaslabor.de\/blog\/wp-json\/wp\/v2\/posts"}],"about":[{"href":"http:\/\/www.editiondaslabor.de\/blog\/wp-json\/wp\/v2\/types\/post"}],"author":[{"embeddable":true,"href":"http:\/\/www.editiondaslabor.de\/blog\/wp-json\/wp\/v2\/users\/2"}],"replies":[{"embeddable":true,"href":"http:\/\/www.editiondaslabor.de\/blog\/wp-json\/wp\/v2\/comments?post=83752"}],"version-history":[{"count":1,"href":"http:\/\/www.editiondaslabor.de\/blog\/wp-json\/wp\/v2\/posts\/83752\/revisions"}],"predecessor-version":[{"id":99657,"href":"http:\/\/www.editiondaslabor.de\/blog\/wp-json\/wp\/v2\/posts\/83752\/revisions\/99657"}],"wp:featuredmedia":[{"embeddable":true,"href":"http:\/\/www.editiondaslabor.de\/blog\/wp-json\/wp\/v2\/media\/98207"}],"wp:attachment":[{"href":"http:\/\/www.editiondaslabor.de\/blog\/wp-json\/wp\/v2\/media?parent=83752"}],"wp:term":[{"taxonomy":"category","embeddable":true,"href":"http:\/\/www.editiondaslabor.de\/blog\/wp-json\/wp\/v2\/categories?post=83752"},{"taxonomy":"post_tag","embeddable":true,"href":"http:\/\/www.editiondaslabor.de\/blog\/wp-json\/wp\/v2\/tags?post=83752"}],"curies":[{"name":"wp","href":"https:\/\/api.w.org\/{rel}","templated":true}]}}