{"id":83280,"date":"1989-08-19T00:01:59","date_gmt":"1989-08-18T22:01:59","guid":{"rendered":"http:\/\/www.editiondaslabor.de\/blog\/?p=83280"},"modified":"2022-03-07T15:46:13","modified_gmt":"2022-03-07T14:46:13","slug":"paneuropaeisches-picknick","status":"publish","type":"post","link":"http:\/\/www.editiondaslabor.de\/blog\/1989\/08\/19\/paneuropaeisches-picknick\/","title":{"rendered":"Paneurop\u00e4isches Picknick"},"content":{"rendered":"<p>&nbsp;<\/p>\r\n<p style=\"text-align: justify;\">Das &#8222;Paneurop\u00e4ische Picknick&#8220; war eine Friedensdemonstration ungarischer Oppositioneller an der \u00f6sterreichisch-ungarischen Grenze nahe der Stadt Sopron (\u00d6denburg) am 19. August 1989.<\/p>\r\n<p style=\"text-align: justify;\">Das &#8222;Picknick&#8220; fand am Grenztor an der alten Pressburger Landstra\u00dfe zwischen Sankt Margarethen im Burgenland und Sopronk\u0151hida (Steinambr\u00fcckl) in Ungarn statt. Die Idee ging von Otto Habsburg und der MDF-Organisation der ostungarischen Stadt Debrecen aus.<sup id=\"cite_ref-kein_Protest_5-1\" class=\"reference\"> <\/sup>Es lagen dann auch amtliche Bewilligungen vor, dass es am Nachmittag des 19. August 1989 von 15:00 bis 18:00 Uhr einen improvisierten Grenz\u00fcbergang geben w\u00fcrde.<sup id=\"cite_ref-nzz_7-0\" class=\"reference\"> <\/sup>Veranstalter waren Mitglieder des oppositionellen Ungarischen Demokratischen Forums und die Paneuropa-Union. Schirmherren waren deren Pr\u00e4sident, der CSU-Europaabgeordnete Otto von Habsburg, und der ungarische Staatsminister und Reformer Imre Pozsgay. Diese sahen im geplanten Picknick eine Chance, die Reaktion Gorbatschows auf eine Grenz\u00f6ffnung zu testen<sup id=\"cite_ref-8\" class=\"reference\"> <\/sup>und einigten sich darauf, dass unter den DDR-B\u00fcrgern Werbung f\u00fcr das Picknick gemacht werden sollte.<sup id=\"cite_ref-9\" class=\"reference\"> <\/sup>Die Paneuropa-Union lie\u00df tausende Flugzettel verteilen, mit denen zu einem Picknick nahe der Grenze bei Sopron eingeladen wurde. Viele der DDR-B\u00fcrger verstanden die Botschaft und kamen angereist.<sup id=\"cite_ref-10\" class=\"reference\"> <\/sup>Mit dem initiierten Picknick wollten Habsburg und Pozsgay insbesondere pr\u00fcfen, ob Moskau bei einer \u00d6ffnung des Eisernen Vorhanges den in Ungarn stationierten sowjetischen Truppen den Befehl zum Eingreifen geben w\u00fcrde.<sup id=\"cite_ref-11\" class=\"reference\"> <\/sup>Damals war noch v\u00f6llig unklar, ob die Sowjetunion oder einzelne Ostblockstaaten milit\u00e4risch intervenieren w\u00fcrden, falls es zu einer ungelegenen antikommunistischen und antisowjetischen Entwicklung k\u00e4me.<sup id=\"cite_ref-12\" class=\"reference\"><\/sup><\/p>\r\n<p style=\"text-align: justify;\">\u00a0<\/p>\r\n<p style=\"text-align: justify;\">\u00a0<\/p>\r\n<p class=\"has-text-align-center\" style=\"text-align: center;\">***<\/p>\r\n<!-- \/wp:post-content -->\r\n\r\n<!-- wp:paragraph -->\r\n<p style=\"text-align: justify;\">In 2014 erscheint: <strong>Abgeschlossenes Sammelgebiet<\/strong>, Roman von A. J. Weigoni, Edition Das Labor, M\u00fclheim 2014<\/p>\r\n<!-- \/wp:paragraph -->\r\n\r\n<!-- wp:image {\"align\":\"left\",\"id\":62509,\"width\":166,\"height\":256,\"sizeSlug\":\"large\"} -->\r\n<div class=\"wp-block-image\" style=\"text-align: justify;\">\r\n<figure class=\"alignleft size-large is-resized\">\r\n<div id=\"attachment_62509\" style=\"width: 176px\" class=\"wp-caption alignnone\"><img loading=\"lazy\" decoding=\"async\" aria-describedby=\"caption-attachment-62509\" class=\"wp-image-62509\" src=\"http:\/\/www.editiondaslabor.de\/blog\/wp-content\/uploads\/2020\/04\/image-1-664x1024.jpeg\" alt=\"\" width=\"166\" height=\"256\" srcset=\"http:\/\/www.editiondaslabor.de\/blog\/wp-content\/uploads\/2020\/04\/image-1-664x1024.jpeg 664w, http:\/\/www.editiondaslabor.de\/blog\/wp-content\/uploads\/2020\/04\/image-1-194x300.jpeg 194w, http:\/\/www.editiondaslabor.de\/blog\/wp-content\/uploads\/2020\/04\/image-1-768x1185.jpeg 768w, http:\/\/www.editiondaslabor.de\/blog\/wp-content\/uploads\/2020\/04\/image-1-996x1536.jpeg 996w, http:\/\/www.editiondaslabor.de\/blog\/wp-content\/uploads\/2020\/04\/image-1-560x864.jpeg 560w, http:\/\/www.editiondaslabor.de\/blog\/wp-content\/uploads\/2020\/04\/image-1-260x401.jpeg 260w, http:\/\/www.editiondaslabor.de\/blog\/wp-content\/uploads\/2020\/04\/image-1-160x247.jpeg 160w, http:\/\/www.editiondaslabor.de\/blog\/wp-content\/uploads\/2020\/04\/image-1.jpeg 1301w\" sizes=\"auto, (max-width: 166px) 100vw, 166px\" \/><p id=\"caption-attachment-62509\" class=\"wp-caption-text\">Postwertzeichen erschienen zum 20. Jahrestag der DDR. Entwertet am 9. November 1989<\/p><\/div>\r\n<\/figure>\r\n<\/div>\r\n<!-- \/wp:image -->\r\n\r\n<!-- wp:paragraph -->\r\n<h5 style=\"text-align: justify;\">Weiterf\u00fchrend \u2192<\/h5>\r\n<!-- \/wp:paragraph -->\r\n\r\n<!-- wp:paragraph -->\r\n<p style=\"text-align: justify;\">Zur historischen Abfolge, eine <a href=\"http:\/\/www.editiondaslabor.de\/blog\/?p=25344\">Einf\u00fchrung<\/a>.\u00a0Eine Rezension von Jo Wei\u00df findet sich <a href=\"http:\/\/www.editiondaslabor.de\/blog\/?p=24394\">hier<\/a>. Einen Essay von Regine M\u00fcller lesen Sie <a href=\"http:\/\/www.editiondaslabor.de\/blog\/?p=24412\">hier<\/a>. Beim <em>vordenker<\/em> <a href=\"http:\/\/www.editiondaslabor.de\/blog\/2014\/10\/09\/lebensabschnittsgefaehrten\/\">entdeckt<\/a> Constanze Schmidt in diesem Roman einen Dreiklang. Auf <span data-offset-key=\"cphj4-0-0\">der vom Netz gegangenen<\/span> <a href=\"http:\/\/www.editiondaslabor.de\/blog\/2014\/12\/26\/parallelfuehrung-der-liebesverhaeltnisse\/\">Fixpoetry<\/a> arbeitet Margretha Schnarhelt einen Vergleich zwischen A.J. Weigoni und Haruki Murakami heraus. Eine weitere Parallele zu <em>Jahrestage<\/em> von Uwe Johnson wird <a href=\"http:\/\/www.editiondaslabor.de\/blog\/?p=24922\">hier<\/a> gezogen. Die Dualit\u00e4t des Erscheinens mit Lutz Seilers \u201cKruso\u201d wird <a href=\"http:\/\/www.editiondaslabor.de\/blog\/?p=26315\">hier<\/a> thematisiert. In der Neuen Rheinischen Zeitung <a href=\"http:\/\/www.editiondaslabor.de\/blog\/2015\/08\/13\/liebe-sinnlich-ideologisch\/\">w\u00fcrdigt<\/a> Karl Feldkamp wie A.J. Weigoni in seinem ersten Roman den Leser zu Hochgenuss verf\u00fchrt.<\/p>","protected":false},"excerpt":{"rendered":"<p>&nbsp; Das &#8222;Paneurop\u00e4ische Picknick&#8220; war eine Friedensdemonstration ungarischer Oppositioneller an der \u00f6sterreichisch-ungarischen Grenze nahe der Stadt Sopron (\u00d6denburg) am 19. August 1989. Das &#8222;Picknick&#8220; fand am Grenztor an der alten Pressburger Landstra\u00dfe zwischen Sankt Margarethen im Burgenland und Sopronk\u0151hida (Steinambr\u00fcckl)&hellip;<\/p>\n<p class=\"more-link-p\"><a class=\"more-link\" href=\"http:\/\/www.editiondaslabor.de\/blog\/1989\/08\/19\/paneuropaeisches-picknick\/\">Read more &rarr;<\/a><\/p>\n","protected":false},"author":2,"featured_media":98410,"comment_status":"closed","ping_status":"closed","sticky":false,"template":"","format":"standard","meta":{"footnotes":""},"categories":[1],"tags":[628],"class_list":["post-83280","post","type-post","status-publish","format-standard","has-post-thumbnail","hentry","category-literatur","tag-a-j-weigoni"],"_links":{"self":[{"href":"http:\/\/www.editiondaslabor.de\/blog\/wp-json\/wp\/v2\/posts\/83280","targetHints":{"allow":["GET"]}}],"collection":[{"href":"http:\/\/www.editiondaslabor.de\/blog\/wp-json\/wp\/v2\/posts"}],"about":[{"href":"http:\/\/www.editiondaslabor.de\/blog\/wp-json\/wp\/v2\/types\/post"}],"author":[{"embeddable":true,"href":"http:\/\/www.editiondaslabor.de\/blog\/wp-json\/wp\/v2\/users\/2"}],"replies":[{"embeddable":true,"href":"http:\/\/www.editiondaslabor.de\/blog\/wp-json\/wp\/v2\/comments?post=83280"}],"version-history":[{"count":1,"href":"http:\/\/www.editiondaslabor.de\/blog\/wp-json\/wp\/v2\/posts\/83280\/revisions"}],"predecessor-version":[{"id":102147,"href":"http:\/\/www.editiondaslabor.de\/blog\/wp-json\/wp\/v2\/posts\/83280\/revisions\/102147"}],"wp:featuredmedia":[{"embeddable":true,"href":"http:\/\/www.editiondaslabor.de\/blog\/wp-json\/wp\/v2\/media\/98410"}],"wp:attachment":[{"href":"http:\/\/www.editiondaslabor.de\/blog\/wp-json\/wp\/v2\/media?parent=83280"}],"wp:term":[{"taxonomy":"category","embeddable":true,"href":"http:\/\/www.editiondaslabor.de\/blog\/wp-json\/wp\/v2\/categories?post=83280"},{"taxonomy":"post_tag","embeddable":true,"href":"http:\/\/www.editiondaslabor.de\/blog\/wp-json\/wp\/v2\/tags?post=83280"}],"curies":[{"name":"wp","href":"https:\/\/api.w.org\/{rel}","templated":true}]}}