{"id":83047,"date":"2004-03-21T00:01:01","date_gmt":"2004-03-20T23:01:01","guid":{"rendered":"http:\/\/www.editiondaslabor.de\/blog\/?p=83047"},"modified":"2022-03-07T15:37:10","modified_gmt":"2022-03-07T14:37:10","slug":"5-welttag-der-poesie","status":"publish","type":"post","link":"http:\/\/www.editiondaslabor.de\/blog\/2004\/03\/21\/5-welttag-der-poesie\/","title":{"rendered":"5. Welttag der Poesie"},"content":{"rendered":"<p>&nbsp;<\/p>\n<p style=\"text-align: justify;\">Am 21. M\u00e4rz wird jedes Jahr der <em>Welttag der Poesie<\/em> gefeiert. Er soll an \u201edie Vielfalt des Kulturguts Sprache und an die Bedeutung m\u00fcndlicher Traditionen erinnern\u201c. Die KUNO-Redaktion empfiehlt an diesem Tag daher <span class=\"aCOpRe\"><em>Preziose<\/em><\/span>n aus dem Bereich H\u00f6rbuch.<\/p>\n<p class=\"fliesstext1\" style=\"text-align: right;\" align=\"right\"><span style=\"color: #999999;\"><i>A text that alludes to Eliot\u2019s Waste Land,<br \/>\nwas set to music by Tom T\u00e4ger,<br \/>\nusing minimalist techniques and sound effects<br \/>\nlike the rustle of paper. <\/i><\/span><\/p>\n<p class=\"fliesstext1\" style=\"text-align: right;\" align=\"right\"><span style=\"color: #999999;\">Judith Ryan \u00b7 The Long German Poem in the Long Twentieth Century<\/span><\/p>\n<p class=\"fliesstext1\" style=\"text-align: justify;\">In ihren poetopathologischen Aufzeichnungen k\u00e4mpft die Patientin Jo Chang gegen das Vergessen, das Verlassen\u2013Werden, die Gesellschaft, Gott, und den Tod. Ihr ist das Leben entglitten. Sie versucht es auf dem Papier mit Kanjis wieder zu ordnen. Versucht das, was wir alle tun, dem Leben, wenn es schon keinen Sinn hat, wenigstens eine erz\u00e4hlerische Ordnung zu geben. Die seelischen Grenz\u00fcberschreitungen, die das lyrische Monodram thematisiert, vollzieht es formal in der Aufhebung der Gattungsgrenzen nach. Es wird ganz ohne Psychologie erz\u00e4hlt, eher als Status quo eines Experiments. Jo Chang ist auf der Suche nach ihrem Ursprung und findet Einzelteile einer versprengten Existenz.<\/p>\n<p class=\"fliesstext1\" style=\"text-align: justify;\">Das Monodram Unbehaust ist der Versuch, ganz nahe an der Leere, am Unpers\u00f6nlichen vorbeizugehen. Unterst\u00fctzt wird der H\u00f6rspielmacher von der Schauspielerin Bibiana Heimes. Das Sprechen hat hier seine Selbstverst\u00e4ndlichkeit verloren, es hat wenig mit Zwerchfell, Stimmband oder Resonanzraum zu tun. Jo Chang hat ihre Rede nicht. So geht viel, fast alles, verloren. Ihre Verweigerung ist konfrontativ, sie spielt auf mit entt\u00e4uschter Erwartung und liefert sich der fremden Sph\u00e4re komplexer Geistigkeit aus. Ein delirantes Bewu\u00dftseinsprotokoll wird zum Soziogramm einer gefesselten Gesellschaft. F\u00fcr den passenden Ton sorgt der H\u00f6rspielkomponist Tom T\u00e4ger, der eine Komposition erstellt hat, die ausschlie\u00dflich aus Papierger\u00e4uschen besteht.<\/p>\n<p>&nbsp;<\/p>\n<p>&nbsp;<\/p>\n<p style=\"text-align: center;\">***<\/p>\n<div id=\"attachment_10799\" style=\"width: 210px\" class=\"wp-caption alignleft\"><a href=\"http:\/\/www.editiondaslabor.de\/blog\/wp-content\/uploads\/2013\/02\/Parlandos.jpg\"><img loading=\"lazy\" decoding=\"async\" aria-describedby=\"caption-attachment-10799\" class=\"wp-image-10799 size-medium\" title=\"Parlandos\" src=\"http:\/\/www.editiondaslabor.de\/blog\/wp-content\/uploads\/2013\/02\/Parlandos-200x300.jpg\" alt=\"\" width=\"200\" height=\"300\" srcset=\"http:\/\/www.editiondaslabor.de\/blog\/wp-content\/uploads\/2013\/02\/Parlandos-200x300.jpg 200w, http:\/\/www.editiondaslabor.de\/blog\/wp-content\/uploads\/2013\/02\/Parlandos-683x1024.jpg 683w, http:\/\/www.editiondaslabor.de\/blog\/wp-content\/uploads\/2013\/02\/Parlandos.jpg 1530w\" sizes=\"auto, (max-width: 200px) 100vw, 200px\" \/><\/a><p id=\"caption-attachment-10799\" class=\"wp-caption-text\">Original Holzschnitt auf das Cover gedruckt von Haimo Hieronymus<\/p><\/div>\n<p style=\"text-align: justify;\"><strong>Weiterf\u00fchrend \u2192<\/strong><\/p>\n<p style=\"text-align: justify;\">Ein Interview von Jens Pacholsky mit A.J. Weigoni <a href=\"http:\/\/www.editiondaslabor.de\/blog\/2003\/01\/26\/zum-unbehausten-menschen-%c2%b7-revisited\/\">\u00fcbernimmt<\/a> KUNO aus dem Berliner Goon-Magazin. Das <a href=\"http:\/\/www.editiondaslabor.de\/blog\/2003\/01\/18\/unbehaust\/?fbclid=IwAR2Sr_v7El6mrCtNbcoKgFH_rgc2ZoOlbo2RJmoYmwcUGCJQTOfB_tkKDmQ\">poetische Polymorphem<\/a> macht KUNO in der Theaterfassung zug\u00e4nglich. Dieses Monodram ist als K\u00fcnstlerbuch ist nur noch antiquarisch erh\u00e4ltlich, daher ist es in Weigonis Band <a href=\"http:\/\/www.editiondaslabor.de\/?p=395\"><em>Parlandos<\/em><\/a> wiederver\u00f6ffentlicht worden.\u00a0Die H\u00f6rspielfassung von <a href=\"http:\/\/www.vordenker.de\/taeger\/unbehaust01.htm\"><em>Unbehaust<\/em><\/a> ist in der Reihe MetaPhon auf vordenker.de zu h\u00f6ren. <em>Unbehaust<\/em> ist auf dem H\u00f6rbuch <em>Gedichte<\/em> erh\u00e4ltlich \u00fcber: info@tonstudio-an-der-ruhr.de<\/p>\n","protected":false},"excerpt":{"rendered":"<p>&nbsp; Am 21. M\u00e4rz wird jedes Jahr der Welttag der Poesie gefeiert. Er soll an \u201edie Vielfalt des Kulturguts Sprache und an die Bedeutung m\u00fcndlicher Traditionen erinnern\u201c. Die KUNO-Redaktion empfiehlt an diesem Tag daher Preziosen aus dem Bereich H\u00f6rbuch. A&hellip;<\/p>\n<p class=\"more-link-p\"><a class=\"more-link\" href=\"http:\/\/www.editiondaslabor.de\/blog\/2004\/03\/21\/5-welttag-der-poesie\/\">Read more &rarr;<\/a><\/p>\n","protected":false},"author":2,"featured_media":100072,"comment_status":"closed","ping_status":"closed","sticky":false,"template":"","format":"standard","meta":{"footnotes":""},"categories":[1],"tags":[628,1007,35],"class_list":["post-83047","post","type-post","status-publish","format-standard","has-post-thumbnail","hentry","category-literatur","tag-a-j-weigoni","tag-bibiana-heimes","tag-tom-tager"],"_links":{"self":[{"href":"http:\/\/www.editiondaslabor.de\/blog\/wp-json\/wp\/v2\/posts\/83047","targetHints":{"allow":["GET"]}}],"collection":[{"href":"http:\/\/www.editiondaslabor.de\/blog\/wp-json\/wp\/v2\/posts"}],"about":[{"href":"http:\/\/www.editiondaslabor.de\/blog\/wp-json\/wp\/v2\/types\/post"}],"author":[{"embeddable":true,"href":"http:\/\/www.editiondaslabor.de\/blog\/wp-json\/wp\/v2\/users\/2"}],"replies":[{"embeddable":true,"href":"http:\/\/www.editiondaslabor.de\/blog\/wp-json\/wp\/v2\/comments?post=83047"}],"version-history":[{"count":2,"href":"http:\/\/www.editiondaslabor.de\/blog\/wp-json\/wp\/v2\/posts\/83047\/revisions"}],"predecessor-version":[{"id":102141,"href":"http:\/\/www.editiondaslabor.de\/blog\/wp-json\/wp\/v2\/posts\/83047\/revisions\/102141"}],"wp:featuredmedia":[{"embeddable":true,"href":"http:\/\/www.editiondaslabor.de\/blog\/wp-json\/wp\/v2\/media\/100072"}],"wp:attachment":[{"href":"http:\/\/www.editiondaslabor.de\/blog\/wp-json\/wp\/v2\/media?parent=83047"}],"wp:term":[{"taxonomy":"category","embeddable":true,"href":"http:\/\/www.editiondaslabor.de\/blog\/wp-json\/wp\/v2\/categories?post=83047"},{"taxonomy":"post_tag","embeddable":true,"href":"http:\/\/www.editiondaslabor.de\/blog\/wp-json\/wp\/v2\/tags?post=83047"}],"curies":[{"name":"wp","href":"https:\/\/api.w.org\/{rel}","templated":true}]}}