{"id":82942,"date":"2002-10-14T00:01:44","date_gmt":"2002-10-13T22:01:44","guid":{"rendered":"http:\/\/www.editiondaslabor.de\/blog\/?p=82942"},"modified":"2024-10-03T05:55:52","modified_gmt":"2024-10-03T03:55:52","slug":"voellig-chaotisch-diese-frau","status":"publish","type":"post","link":"http:\/\/www.editiondaslabor.de\/blog\/2002\/10\/14\/voellig-chaotisch-diese-frau\/","title":{"rendered":"V\u00f6llig chaotisch diese Frau"},"content":{"rendered":"<p>&nbsp;<\/p>\r\n<p>Je l\u00e4nger ich sie kenne,<\/p>\r\n<p>umso mehr bemerke ich das Chaos,<\/p>\r\n<p>das sie fabriziert, hinterl\u00e4sst, und<\/p>\r\n<p>in mein Leben bringt.<\/p>\r\n<p>Ich brauche meine Ruhe,<\/p>\r\n<p>und wenn ich sie dann endlich habe,<\/p>\r\n<p>f\u00e4llt mir auf,<\/p>\r\n<p>dass ich etwas vermisse:<\/p>\r\n<p>Diese Frau und das Chaos<\/p>\r\n<p>um sie herum,<\/p>\r\n<p>dass ich vergr\u00f6\u00dfern m\u00f6chte,<\/p>\r\n<p>in mir und in ihr,<\/p>\r\n<p>solange sie nur<\/p>\r\n<p>bei mir bleibt.<\/p>\r\n<p>&nbsp;<\/p>\r\n<p>&nbsp;<\/p>\r\n<!-- \/wp:post-content -->\r\n\r\n<!-- wp:paragraph {\"align\":\"center\"} -->\r\n<p class=\"has-text-align-center\" style=\"text-align: center;\">***<\/p>\r\n<!-- \/wp:paragraph -->\r\n\r\n<!-- wp:paragraph -->\r\n<p style=\"text-align: justify;\"><strong>Was \u00fcbrig bleibt<\/strong>, Social-Beat-Gedichte, von Hartmuth Malorny im Wiesenburg-Verlag, 2001<\/p>\r\n<!-- \/wp:paragraph -->\r\n\r\n<!-- wp:image {\"align\":\"left\",\"id\":66541,\"width\":233,\"height\":356,\"sizeSlug\":\"large\"} -->\r\n<div class=\"wp-block-image\" style=\"text-align: justify;\">\r\n<figure class=\"alignleft size-large is-resized\"><img loading=\"lazy\" decoding=\"async\" class=\"wp-image-66541\" src=\"http:\/\/www.editiondaslabor.de\/blog\/wp-content\/uploads\/2020\/07\/Bleibt_Cover.jpg\" alt=\"\" width=\"233\" height=\"356\" srcset=\"http:\/\/www.editiondaslabor.de\/blog\/wp-content\/uploads\/2020\/07\/Bleibt_Cover.jpg 310w, http:\/\/www.editiondaslabor.de\/blog\/wp-content\/uploads\/2020\/07\/Bleibt_Cover-196x300.jpg 196w, http:\/\/www.editiondaslabor.de\/blog\/wp-content\/uploads\/2020\/07\/Bleibt_Cover-260x398.jpg 260w, http:\/\/www.editiondaslabor.de\/blog\/wp-content\/uploads\/2020\/07\/Bleibt_Cover-160x245.jpg 160w\" sizes=\"auto, (max-width: 233px) 100vw, 233px\" \/><\/figure>\r\n<\/div>\r\n<!-- \/wp:image -->\r\n\r\n<!-- wp:paragraph -->\r\n<p style=\"text-align: justify;\">In diesem Buch finden wir Social-Beat Gedichte, die der Autor und Stra\u00dfenbahnfahrer Hartmuth Malorny seinem Leben und seinen Jobs abgewonnen hat. Im Grunde sind es Trinkergedichte mit einem Schuss Melancholie, Blues on the rocks, und gleichfalls mit der Hoffnung versehen, die eigene Sterblichkeit zu \u00fcberstehen. Im dritten Gedichtband des Dortmunder Autors versammeln sich 63 Gedichte; es sind 63 Stationen und 63 Reminiszenzen an das, was \u00fcbrig geblieben ist.<\/p>\r\n<!-- \/wp:paragraph -->\r\n\r\n<!-- wp:paragraph -->\r\n<p style=\"text-align: justify;\"><strong>Weiterf\u00fchrend zur Theorie des Sozialen \u2192<\/strong><\/p>\r\n<!-- \/wp:paragraph -->\r\n\r\n<!-- wp:paragraph -->\r\n<p style=\"text-align: justify;\">Eine Theorie des Sozialen lautet, es gebe in der Politik keine L\u00fccken. Immer wo sich eine auftue, werde sie sofort von anderen Akteuren besetzt. Mit<a href=\"http:\/\/www.editiondaslabor.de\/blog\/?p=6071\"> Kersten Flenter<\/a> und <a href=\"http:\/\/www.editiondaslabor.de\/blog\/2001\/06\/23\/killroy-review\/\">Michael Sch\u00f6nauer<\/a> geh\u00f6rte <a href=\"http:\/\/www.editiondaslabor.de\/blog\/2015\/08\/24\/polyphone-ich-erzaehlungen\/\">Tom de Toys<\/a> zum\u00a0Dreigestirn des deutschen Poetry Slam. Einen Nachruf von Theo Breuer auf den Urvater des Social-Beat finden Sie <a href=\"http:\/\/www.editiondaslabor.de\/blog\/2012\/03\/07\/hubsch-revisited\/\">hier<\/a> \u2013 Sowie selbstverst\u00e4ndlich his <a href=\"http:\/\/www.editiondaslabor.de\/blog\/1995\/06\/25\/wie-was-social-beat-ist-und-warum-und-warum-nicht\/\">Masters voice<\/a>. Und Dr. Stahls kaltgenaue <a href=\"http:\/\/www.editiondaslabor.de\/blog\/2002\/06\/26\/social-beat-vs-digitales-dasein\/\">Analyse<\/a>. \u2013 Die KUNO-Redaktion bat A.J. Weigoni um einen Text mit Bezug auf die Mainzer Minpressenmesse (MMPM) und er kramte eine <a href=\"http:\/\/www.editiondaslabor.de\/blog\/1993\/05\/31\/treff-der-titanen\/\">Realsatire<\/a> aus dem Jahr 1993 heraus, die er f\u00fcr den Mainzer Verleger Jens Neumann geschrieben hat.<\/p>","protected":false},"excerpt":{"rendered":"<p>&nbsp; Je l\u00e4nger ich sie kenne, umso mehr bemerke ich das Chaos, das sie fabriziert, hinterl\u00e4sst, und in mein Leben bringt. Ich brauche meine Ruhe, und wenn ich sie dann endlich habe, f\u00e4llt mir auf, dass ich etwas vermisse: Diese&hellip;<\/p>\n<p class=\"more-link-p\"><a class=\"more-link\" href=\"http:\/\/www.editiondaslabor.de\/blog\/2002\/10\/14\/voellig-chaotisch-diese-frau\/\">Read more &rarr;<\/a><\/p>\n","protected":false},"author":208,"featured_media":99359,"comment_status":"closed","ping_status":"closed","sticky":false,"template":"","format":"standard","meta":{"footnotes":""},"categories":[1],"tags":[2635],"class_list":["post-82942","post","type-post","status-publish","format-standard","has-post-thumbnail","hentry","category-literatur","tag-hartmuth-malorny"],"_links":{"self":[{"href":"http:\/\/www.editiondaslabor.de\/blog\/wp-json\/wp\/v2\/posts\/82942","targetHints":{"allow":["GET"]}}],"collection":[{"href":"http:\/\/www.editiondaslabor.de\/blog\/wp-json\/wp\/v2\/posts"}],"about":[{"href":"http:\/\/www.editiondaslabor.de\/blog\/wp-json\/wp\/v2\/types\/post"}],"author":[{"embeddable":true,"href":"http:\/\/www.editiondaslabor.de\/blog\/wp-json\/wp\/v2\/users\/208"}],"replies":[{"embeddable":true,"href":"http:\/\/www.editiondaslabor.de\/blog\/wp-json\/wp\/v2\/comments?post=82942"}],"version-history":[{"count":1,"href":"http:\/\/www.editiondaslabor.de\/blog\/wp-json\/wp\/v2\/posts\/82942\/revisions"}],"predecessor-version":[{"id":99358,"href":"http:\/\/www.editiondaslabor.de\/blog\/wp-json\/wp\/v2\/posts\/82942\/revisions\/99358"}],"wp:featuredmedia":[{"embeddable":true,"href":"http:\/\/www.editiondaslabor.de\/blog\/wp-json\/wp\/v2\/media\/99359"}],"wp:attachment":[{"href":"http:\/\/www.editiondaslabor.de\/blog\/wp-json\/wp\/v2\/media?parent=82942"}],"wp:term":[{"taxonomy":"category","embeddable":true,"href":"http:\/\/www.editiondaslabor.de\/blog\/wp-json\/wp\/v2\/categories?post=82942"},{"taxonomy":"post_tag","embeddable":true,"href":"http:\/\/www.editiondaslabor.de\/blog\/wp-json\/wp\/v2\/tags?post=82942"}],"curies":[{"name":"wp","href":"https:\/\/api.w.org\/{rel}","templated":true}]}}