{"id":82901,"date":"2019-01-21T00:01:30","date_gmt":"2019-01-20T23:01:30","guid":{"rendered":"http:\/\/www.editiondaslabor.de\/blog\/?p=82901"},"modified":"2022-02-17T19:08:11","modified_gmt":"2022-02-17T18:08:11","slug":"geo-logos-peak-panic-seuchendiktatur","status":"publish","type":"post","link":"http:\/\/www.editiondaslabor.de\/blog\/2019\/01\/21\/geo-logos-peak-panic-seuchendiktatur\/","title":{"rendered":"Geo-logos, peak panic, Seuchendiktatur"},"content":{"rendered":"<div dir=\"auto\" style=\"text-align: justify;\">\n<p>&nbsp;<\/p>\n<p>&nbsp;<\/p>\n<p>Der Diskurs schlie\u00dft auf, die Spur wird immer hei\u00dfer. Biopolitik, Homo sacer, Leprosorien statt Hospit\u00e4ler, Leugner in tatsachenfreien Reservaten. Securitokratie, Jargonocracy. Einfach den Agamben geben und die Dinge auseinandersehen. Senizid und Holozid, ep\u00f3che der tragischen Kybernektik und Aufstieg der globalen Hausse der drei f\u00fchrenden Klassen von Raumpionieren, Migranten (Nomaden), Viren und Kapitalstr\u00f6me. Das Zeitalter der Selbstimmunisierung ist endg\u00fcltig vorbei. Was nun, Herr Sloterdijk?<\/p>\n<\/div>\n<p>&nbsp;<\/p>\n<p>&nbsp;<\/p>\n<div class=\"j83agx80 cbu4d94t ew0dbk1b irj2b8pg\" style=\"text-align: justify;\">\n<div dir=\"auto\" style=\"text-align: justify;\">\n<div id=\"attachment_48604\" style=\"width: 206px\" class=\"wp-caption alignleft\"><a href=\"http:\/\/www.editiondaslabor.de\/blog\/wp-content\/uploads\/2019\/09\/TwitteraturCover-e1555683811601.jpeg\"><img loading=\"lazy\" decoding=\"async\" aria-describedby=\"caption-attachment-48604\" class=\"wp-image-48604 size-medium\" src=\"http:\/\/www.editiondaslabor.de\/blog\/wp-content\/uploads\/2019\/09\/TwitteraturCover-196x300.jpeg\" alt=\"\" width=\"196\" height=\"300\" \/><\/a><p id=\"caption-attachment-48604\" class=\"wp-caption-text\">Das Hungertuch von Haimo Hieronymus in der Martinskirche, Linz am Rhein<\/p><\/div>\n<p><strong>Weiterf\u00fchrend \u2192<\/strong><\/p>\n<p>In den<em> Aufzeichnungen<\/em> von Ralph Pordzik findet sich eine Poesie, die man von den japanischen Haiku kennt, sie scheint auf besondere Weise verf\u00fcgbar und dienstbar zu sein. Diese Notate entsprechen der Denkgenauigkeit der Sp\u00e4tmoderne, es ist <em>Twitteratur<\/em> im besten Sinn. \u2013 Lesen Sie auch einen Essay \u00fcber die neue Literaturgattung <a href=\"http:\/\/www.editiondaslabor.de\/blog\/?p=22423\"><em>Twitteratur<\/em><\/a>.<\/p>\n<p>Bereits von seinem ersten Band<strong> Verabredung mit meinem Publikum<\/strong> war KUNO <a href=\"http:\/\/www.editiondaslabor.de\/blog\/?p=14498\">angetan<\/a>. Auf KUNO lesen Sie auch einen Rezensionsessay von Holger Benkel \u00fcber <a href=\"http:\/\/www.editiondaslabor.de\/blog\/2017\/11\/12\/mit-deutschen-untertiteln\/\">Ralph Pordzik<\/a>\u00a0 \u2013 Poesie ist das identit\u00e4tsstiftende Element der Kultur, KUNOs <a href=\"http:\/\/www.editiondaslabor.de\/blog\/?p=25630\">poetologische Positionsbestimmung<\/a>.<\/p>\n<\/div>\n<\/div>\n<p style=\"text-align: justify;\">\n","protected":false},"excerpt":{"rendered":"<p>&nbsp; &nbsp; Der Diskurs schlie\u00dft auf, die Spur wird immer hei\u00dfer. Biopolitik, Homo sacer, Leprosorien statt Hospit\u00e4ler, Leugner in tatsachenfreien Reservaten. Securitokratie, Jargonocracy. Einfach den Agamben geben und die Dinge auseinandersehen. Senizid und Holozid, ep\u00f3che der tragischen Kybernektik und Aufstieg&hellip;<\/p>\n<p class=\"more-link-p\"><a class=\"more-link\" href=\"http:\/\/www.editiondaslabor.de\/blog\/2019\/01\/21\/geo-logos-peak-panic-seuchendiktatur\/\">Read more &rarr;<\/a><\/p>\n","protected":false},"author":144,"featured_media":98026,"comment_status":"closed","ping_status":"closed","sticky":false,"template":"","format":"standard","meta":{"footnotes":""},"categories":[1],"tags":[1183],"class_list":["post-82901","post","type-post","status-publish","format-standard","has-post-thumbnail","hentry","category-literatur","tag-ralph-pordzik"],"_links":{"self":[{"href":"http:\/\/www.editiondaslabor.de\/blog\/wp-json\/wp\/v2\/posts\/82901","targetHints":{"allow":["GET"]}}],"collection":[{"href":"http:\/\/www.editiondaslabor.de\/blog\/wp-json\/wp\/v2\/posts"}],"about":[{"href":"http:\/\/www.editiondaslabor.de\/blog\/wp-json\/wp\/v2\/types\/post"}],"author":[{"embeddable":true,"href":"http:\/\/www.editiondaslabor.de\/blog\/wp-json\/wp\/v2\/users\/144"}],"replies":[{"embeddable":true,"href":"http:\/\/www.editiondaslabor.de\/blog\/wp-json\/wp\/v2\/comments?post=82901"}],"version-history":[{"count":1,"href":"http:\/\/www.editiondaslabor.de\/blog\/wp-json\/wp\/v2\/posts\/82901\/revisions"}],"predecessor-version":[{"id":98068,"href":"http:\/\/www.editiondaslabor.de\/blog\/wp-json\/wp\/v2\/posts\/82901\/revisions\/98068"}],"wp:featuredmedia":[{"embeddable":true,"href":"http:\/\/www.editiondaslabor.de\/blog\/wp-json\/wp\/v2\/media\/98026"}],"wp:attachment":[{"href":"http:\/\/www.editiondaslabor.de\/blog\/wp-json\/wp\/v2\/media?parent=82901"}],"wp:term":[{"taxonomy":"category","embeddable":true,"href":"http:\/\/www.editiondaslabor.de\/blog\/wp-json\/wp\/v2\/categories?post=82901"},{"taxonomy":"post_tag","embeddable":true,"href":"http:\/\/www.editiondaslabor.de\/blog\/wp-json\/wp\/v2\/tags?post=82901"}],"curies":[{"name":"wp","href":"https:\/\/api.w.org\/{rel}","templated":true}]}}