{"id":82824,"date":"2024-02-19T00:01:38","date_gmt":"2024-02-18T23:01:38","guid":{"rendered":"http:\/\/www.editiondaslabor.de\/blog\/?p=82824"},"modified":"2022-02-23T16:58:30","modified_gmt":"2022-02-23T15:58:30","slug":"lied-der-rosetta","status":"publish","type":"post","link":"http:\/\/www.editiondaslabor.de\/blog\/2024\/02\/19\/lied-der-rosetta\/","title":{"rendered":"Lied der Rosetta"},"content":{"rendered":"<p>&nbsp;<\/p>\n<p>&nbsp;<\/p>\n<p>O meine m\u00fcden F\u00fc\u00dfe, ihr m\u00fc\u00dft tanzen,<\/p>\n<p>In bunten Schuhen,<\/p>\n<p>Und m\u00f6chtet lieber tief<\/p>\n<p>Im Boden ruhen.<\/p>\n<p>&nbsp;<\/p>\n<p>O meine hei\u00dfen Wangen, ihr m\u00fc\u00dft gl\u00fchn,<\/p>\n<p>In milden Kosen,<\/p>\n<p>Und m\u00f6chtet lieber bl\u00fchn-<\/p>\n<p>Zwei wei\u00dfe Rosen.<\/p>\n<p>&nbsp;<\/p>\n<p>O meine armen Augen, ihr m\u00fc\u00dft blitzen<\/p>\n<p>Im Strahl der Kerzen,<\/p>\n<p>Und schlieft im Dunkel lieber aus,<\/p>\n<p>Von euren Schmerzen.<\/p>\n<p><strong>\u00a0<\/strong><\/p>\n<p>&nbsp;<\/p>\n<p>&nbsp;<\/p>\n<p style=\"text-align: center;\">***<\/p>\n<p style=\"text-align: justify;\"><strong><img loading=\"lazy\" decoding=\"async\" class=\"alignleft size-full wp-image-98090\" src=\"http:\/\/www.editiondaslabor.de\/blog\/wp-content\/uploads\/2022\/01\/Georg_Bu\u0308chner.png\" alt=\"\" width=\"172\" height=\"246\" srcset=\"http:\/\/www.editiondaslabor.de\/blog\/wp-content\/uploads\/2022\/01\/Georg_Bu\u0308chner.png 172w, http:\/\/www.editiondaslabor.de\/blog\/wp-content\/uploads\/2022\/01\/Georg_Bu\u0308chner-160x229.png 160w\" sizes=\"auto, (max-width: 172px) 100vw, 172px\" \/>Weiterf\u00fchend\u00a0\u2192<\/strong>\u00a0Poesie z\u00e4hlt f\u00fcr KUNO weiterhin zu den identit\u00e4ts- und identifikationstiftenden Elementen einer Kultur, dies bezeugte auch der Versuch einer <a href=\"http:\/\/www.editiondaslabor.de\/blog\/?p=25630\">poetologischen Positionsbestimmung<\/a>.<\/p>\n<p><b>\u00a0<\/b><\/p>\n<p>&nbsp;<\/p>\n","protected":false},"excerpt":{"rendered":"<p>&nbsp; &nbsp; O meine m\u00fcden F\u00fc\u00dfe, ihr m\u00fc\u00dft tanzen, In bunten Schuhen, Und m\u00f6chtet lieber tief Im Boden ruhen. &nbsp; O meine hei\u00dfen Wangen, ihr m\u00fc\u00dft gl\u00fchn, In milden Kosen, Und m\u00f6chtet lieber bl\u00fchn- Zwei wei\u00dfe Rosen. &nbsp; O meine&hellip;<\/p>\n<p class=\"more-link-p\"><a class=\"more-link\" href=\"http:\/\/www.editiondaslabor.de\/blog\/2024\/02\/19\/lied-der-rosetta\/\">Read more &rarr;<\/a><\/p>\n","protected":false},"author":120,"featured_media":98090,"comment_status":"closed","ping_status":"closed","sticky":false,"template":"","format":"standard","meta":{"footnotes":""},"categories":[1],"tags":[892],"class_list":["post-82824","post","type-post","status-publish","format-standard","has-post-thumbnail","hentry","category-literatur","tag-georg-buchner"],"_links":{"self":[{"href":"http:\/\/www.editiondaslabor.de\/blog\/wp-json\/wp\/v2\/posts\/82824","targetHints":{"allow":["GET"]}}],"collection":[{"href":"http:\/\/www.editiondaslabor.de\/blog\/wp-json\/wp\/v2\/posts"}],"about":[{"href":"http:\/\/www.editiondaslabor.de\/blog\/wp-json\/wp\/v2\/types\/post"}],"author":[{"embeddable":true,"href":"http:\/\/www.editiondaslabor.de\/blog\/wp-json\/wp\/v2\/users\/120"}],"replies":[{"embeddable":true,"href":"http:\/\/www.editiondaslabor.de\/blog\/wp-json\/wp\/v2\/comments?post=82824"}],"version-history":[{"count":1,"href":"http:\/\/www.editiondaslabor.de\/blog\/wp-json\/wp\/v2\/posts\/82824\/revisions"}],"predecessor-version":[{"id":100008,"href":"http:\/\/www.editiondaslabor.de\/blog\/wp-json\/wp\/v2\/posts\/82824\/revisions\/100008"}],"wp:featuredmedia":[{"embeddable":true,"href":"http:\/\/www.editiondaslabor.de\/blog\/wp-json\/wp\/v2\/media\/98090"}],"wp:attachment":[{"href":"http:\/\/www.editiondaslabor.de\/blog\/wp-json\/wp\/v2\/media?parent=82824"}],"wp:term":[{"taxonomy":"category","embeddable":true,"href":"http:\/\/www.editiondaslabor.de\/blog\/wp-json\/wp\/v2\/categories?post=82824"},{"taxonomy":"post_tag","embeddable":true,"href":"http:\/\/www.editiondaslabor.de\/blog\/wp-json\/wp\/v2\/tags?post=82824"}],"curies":[{"name":"wp","href":"https:\/\/api.w.org\/{rel}","templated":true}]}}