{"id":82822,"date":"2015-10-11T00:01:39","date_gmt":"2015-10-10T22:01:39","guid":{"rendered":"http:\/\/www.editiondaslabor.de\/blog\/?p=82822"},"modified":"2022-02-17T19:45:17","modified_gmt":"2022-02-17T18:45:17","slug":"gebadet-in-des-meeres-blauer-flut","status":"publish","type":"post","link":"http:\/\/www.editiondaslabor.de\/blog\/2015\/10\/11\/gebadet-in-des-meeres-blauer-flut\/","title":{"rendered":"Gebadet in des Meeres blauer Flut"},"content":{"rendered":"<p>&nbsp;<\/p>\n<p>Gebadet in des Meeres blauer Flut<\/p>\n<p>Erhebt aus purpurrotem Osten sich<\/p>\n<p>Das pr\u00e4chtig-strahlende Gestirn des Tags,<\/p>\n<p>Erweckt, gleich einem m\u00e4cht&#8217;gen Zauberwort,<\/p>\n<p>Das Leben der entschlafenen Natur,<\/p>\n<p>Von der der Nebel wie ein Opferrauch<\/p>\n<p>Empor zum unerme\u00dfnen \u00c4ther steigt.<\/p>\n<p>Der Berge Zinnen brennen in dem ersten Strahl,<\/p>\n<p>Von welchem, wie vom flammenden Altar,<\/p>\n<p>Der Rauch des finstren Waldgebirges wallt<\/p>\n<p>Und fernhin in des Ozeans Fluten weicht<\/p>\n<p>Die Nacht. So stieg auch uns ein sch\u00f6ner Tag<\/p>\n<p>Zum \u00c4ther, der noch oft mit frohem Strahl<\/p>\n<p>Im leichten Tanz der Horen gr\u00fc\u00dfen mag<\/p>\n<p>Den frohen Kreis, der den Allm\u00e4cht&#8217;gen heut<\/p>\n<p>Mit lautem Danke preist, da gn\u00e4dig er<\/p>\n<p>Uns wieder feiern l\u00e4\u00dft den sch\u00f6nen Tag,<\/p>\n<p>Der uns die beste aller M\u00fctter gab.<\/p>\n<p>Auch heute wieder in der \u00fcppigsten<\/p>\n<p>Gesundheit, Jugend-F\u00fclle steht sie froh,<\/p>\n<p>Im frohen Kreis der Kinder, denen sie<\/p>\n<p>Voll zarter Mutterlieb ihr Leben weiht.<\/p>\n<p>O! stieg noch oft ihr holder Genius<\/p>\n<p>An diesem sch\u00f6nen Tag zu uns herab.<\/p>\n<p>Ihn schm\u00fcckend mit dem holden Blumenpaar<\/p>\n<p>Der Kindesliebe und Zufriedenheit! &#8211;<\/p>\n<p>&nbsp;<\/p>\n<p>&nbsp;<\/p>\n<p style=\"text-align: center;\">***<\/p>\n<p>&nbsp;<\/p>\n<div id=\"attachment_98090\" style=\"width: 182px\" class=\"wp-caption alignleft\"><img loading=\"lazy\" decoding=\"async\" aria-describedby=\"caption-attachment-98090\" class=\"wp-image-98090 size-full\" src=\"http:\/\/www.editiondaslabor.de\/blog\/wp-content\/uploads\/2022\/01\/Georg_Bu\u0308chner.png\" alt=\"\" width=\"172\" height=\"246\" srcset=\"http:\/\/www.editiondaslabor.de\/blog\/wp-content\/uploads\/2022\/01\/Georg_Bu\u0308chner.png 172w, http:\/\/www.editiondaslabor.de\/blog\/wp-content\/uploads\/2022\/01\/Georg_Bu\u0308chner-160x229.png 160w\" sizes=\"auto, (max-width: 172px) 100vw, 172px\" \/><p id=\"caption-attachment-98090\" class=\"wp-caption-text\">Alexis Muston aus Stra\u00dfburg fertigte diese Skizze seines Freundes Georg B\u00fcchner etwa 1835 an<\/p><\/div>\n<p style=\"text-align: justify;\"><strong>Weiterf\u00fchend\u00a0\u2192<\/strong>\u00a0Poesie z\u00e4hlt f\u00fcr KUNO weiterhin zu den identit\u00e4ts- und identifikationstiftenden Elementen einer Kultur, dies bezeugte auch der Versuch einer <a href=\"http:\/\/www.editiondaslabor.de\/blog\/?p=25630\">poetologischen Positionsbestimmung<\/a>.<\/p>\n<p><b>\u00a0<\/b><\/p>\n<p>&nbsp;<\/p>\n","protected":false},"excerpt":{"rendered":"<p>&nbsp; Gebadet in des Meeres blauer Flut Erhebt aus purpurrotem Osten sich Das pr\u00e4chtig-strahlende Gestirn des Tags, Erweckt, gleich einem m\u00e4cht&#8217;gen Zauberwort, Das Leben der entschlafenen Natur, Von der der Nebel wie ein Opferrauch Empor zum unerme\u00dfnen \u00c4ther steigt. Der&hellip;<\/p>\n<p class=\"more-link-p\"><a class=\"more-link\" href=\"http:\/\/www.editiondaslabor.de\/blog\/2015\/10\/11\/gebadet-in-des-meeres-blauer-flut\/\">Read more &rarr;<\/a><\/p>\n","protected":false},"author":120,"featured_media":98090,"comment_status":"closed","ping_status":"closed","sticky":false,"template":"","format":"standard","meta":{"footnotes":""},"categories":[1],"tags":[892],"class_list":["post-82822","post","type-post","status-publish","format-standard","has-post-thumbnail","hentry","category-literatur","tag-georg-buchner"],"_links":{"self":[{"href":"http:\/\/www.editiondaslabor.de\/blog\/wp-json\/wp\/v2\/posts\/82822","targetHints":{"allow":["GET"]}}],"collection":[{"href":"http:\/\/www.editiondaslabor.de\/blog\/wp-json\/wp\/v2\/posts"}],"about":[{"href":"http:\/\/www.editiondaslabor.de\/blog\/wp-json\/wp\/v2\/types\/post"}],"author":[{"embeddable":true,"href":"http:\/\/www.editiondaslabor.de\/blog\/wp-json\/wp\/v2\/users\/120"}],"replies":[{"embeddable":true,"href":"http:\/\/www.editiondaslabor.de\/blog\/wp-json\/wp\/v2\/comments?post=82822"}],"version-history":[{"count":2,"href":"http:\/\/www.editiondaslabor.de\/blog\/wp-json\/wp\/v2\/posts\/82822\/revisions"}],"predecessor-version":[{"id":98093,"href":"http:\/\/www.editiondaslabor.de\/blog\/wp-json\/wp\/v2\/posts\/82822\/revisions\/98093"}],"wp:featuredmedia":[{"embeddable":true,"href":"http:\/\/www.editiondaslabor.de\/blog\/wp-json\/wp\/v2\/media\/98090"}],"wp:attachment":[{"href":"http:\/\/www.editiondaslabor.de\/blog\/wp-json\/wp\/v2\/media?parent=82822"}],"wp:term":[{"taxonomy":"category","embeddable":true,"href":"http:\/\/www.editiondaslabor.de\/blog\/wp-json\/wp\/v2\/categories?post=82822"},{"taxonomy":"post_tag","embeddable":true,"href":"http:\/\/www.editiondaslabor.de\/blog\/wp-json\/wp\/v2\/tags?post=82822"}],"curies":[{"name":"wp","href":"https:\/\/api.w.org\/{rel}","templated":true}]}}