{"id":82689,"date":"2015-12-24T00:01:37","date_gmt":"2015-12-23T23:01:37","guid":{"rendered":"http:\/\/www.editiondaslabor.de\/blog\/?p=82689"},"modified":"2021-04-19T11:39:13","modified_gmt":"2021-04-19T09:39:13","slug":"weihnachten","status":"publish","type":"post","link":"http:\/\/www.editiondaslabor.de\/blog\/2015\/12\/24\/weihnachten\/","title":{"rendered":"Weihnachten"},"content":{"rendered":"<p>&nbsp;<\/p>\n<p style=\"text-align: center\">Und wieder nun l\u00e4\u00dft aus dem Dunkeln<\/p>\n<p style=\"text-align: center\">die Weihnacht ihre Sterne funkeln!<\/p>\n<p style=\"text-align: center\">Die Engel im Himmel h\u00f6rt man sich k\u00fcssen<\/p>\n<p style=\"text-align: center\">und die ganze Welt riecht nach Pfeffern\u00fcssen &#8230;<\/p>\n<p>&nbsp;<\/p>\n<p style=\"text-align: center\">So heimlich war es die letzten Wochen,<\/p>\n<p style=\"text-align: center\">die H\u00e4user nach Mehl und Honig rochen,<\/p>\n<p style=\"text-align: center\">die D\u00e4cher lagen dick verschneit<\/p>\n<p style=\"text-align: center\">und fern, noch fern schien die sch\u00f6ne Zeit.<\/p>\n<p style=\"text-align: center\">Man dachte an sie kaum dann und wann.<\/p>\n<p style=\"text-align: center\">Mutter teigte die Kuchen an<\/p>\n<p style=\"text-align: center\">und Vater, dem mehr der Lehnstuhl taugte,<\/p>\n<p style=\"text-align: center\">sa\u00df daneben und las und rauchte.<\/p>\n<p style=\"text-align: center\">Da pl\u00f6tzlich, eh man sich\u2019s versah,<\/p>\n<p style=\"text-align: center\">mit einmmal war sie wieder da.<\/p>\n<p>&nbsp;<\/p>\n<p style=\"text-align: center\">Mitten im Zimmer steht nun der Baum!<\/p>\n<p>&nbsp;<\/p>\n<p style=\"text-align: center\">Man reibt sich die Augen und glaubt es kaum &#8230;<\/p>\n<p style=\"text-align: center\">Die Ketten schaukeln, die Lichter wehn,<\/p>\n<p style=\"text-align: center\">Herrgott, was gibt\u2019s da nicht alles zu sehn!<\/p>\n<p style=\"text-align: center\">Die kleinen K\u00fcgelchen und hier<\/p>\n<p style=\"text-align: center\">die niedlichen Kr\u00f6nchen aus Goldpapier!<\/p>\n<p style=\"text-align: center\">Und an all den gr\u00fcnen, glitzernden Schn\u00fcrchen<\/p>\n<p style=\"text-align: center\">all die unz\u00e4hligen, kleinen Fig\u00fcrchen:<\/p>\n<p style=\"text-align: center\">Mohren, Schlittschuhl\u00e4ufer und Schw\u00e4lbchen,<\/p>\n<p style=\"text-align: center\">Elefanten und kleine K\u00e4lbchen,<\/p>\n<p style=\"text-align: center\">Schornsteinfeger und trommelnde Hasen,<\/p>\n<p style=\"text-align: center\">dicke Kerle mit roten Nasen,<\/p>\n<p style=\"text-align: center\">reiche Hunde und arme Schlucker<\/p>\n<p style=\"text-align: center\">und alles, alles aus purem Zucker!<\/p>\n<p>&nbsp;<\/p>\n<p style=\"text-align: center\">Ein alter Herr mit wei\u00dfen B\u00e4ffchen<\/p>\n<p style=\"text-align: center\">h\u00e4ngt grade unter einem \u00c4ffchen.<\/p>\n<p style=\"text-align: center\">Und hier gar sch\u00e4lt sich aus seinem Ei<\/p>\n<p style=\"text-align: center\">ein kleiner, gefl\u00fcgelter Nackedei.<\/p>\n<p style=\"text-align: center\">Und oben, oben erst in der Krone!<\/p>\n<p style=\"text-align: center\">Da h\u00e4ngt eine wirkliche, gelbe Kanone<\/p>\n<p style=\"text-align: center\">und ein Husarenleutnant mit silbernen Tressen \u2013<\/p>\n<p style=\"text-align: center\">ich glaube wahrhaftig, man kann ihn essen!<\/p>\n<p>&nbsp;<\/p>\n<p style=\"text-align: center\">In den offenen M\u00e4ulerchen ihre Finger,<\/p>\n<p style=\"text-align: center\">stehn um den Tisch die kleinen Dinger,<\/p>\n<p style=\"text-align: center\">und um die Wette mit den Kerzen<\/p>\n<p style=\"text-align: center\">puppern vor Freuden ihre Herzen.<\/p>\n<p style=\"text-align: center\">Ihre gro\u00dfen, blauen Augen leuchten,<\/p>\n<p style=\"text-align: center\">indes die unsern sich leise feuchten.<\/p>\n<p style=\"text-align: center\">Wir sind ja leider schon l\u00e4ngst \u201eerwachsen\u201c,<\/p>\n<p style=\"text-align: center\">uns dreht sich die Welt um <em>andre<\/em> Achsen<\/p>\n<p style=\"text-align: center\">und zwar zumeist um unser Bureau.<\/p>\n<p style=\"text-align: center\">Ach, nicht wie fr\u00fcher mehr macht uns froh<\/p>\n<p style=\"text-align: center\">aus Zinkblech eine Eisenbahn,<\/p>\n<p style=\"text-align: center\">ein kleines Schweinchen aus Marzipan.<\/p>\n<p style=\"text-align: center\">Eine Blechtrompete gefiel uns einst sehr,<\/p>\n<p style=\"text-align: center\">der Reichstag interessiert uns heut mehr;<\/p>\n<p style=\"text-align: center\">auch sind wir verliebt in die Regeldetri<\/p>\n<p style=\"text-align: center\">und spielen nat\u00fcrlich auch Lotterie.<\/p>\n<p style=\"text-align: center\">Uns qu\u00e4len tausend Siebensachen.<\/p>\n<p style=\"text-align: center\">Mit einem Wort, um es kurz zu machen,<\/p>\n<p style=\"text-align: center\">wir sind gro\u00dfe, verst\u00e4ndige, vern\u00fcnftige Leute!<\/p>\n<p>&nbsp;<\/p>\n<p style=\"text-align: center\">Nur eben heute nicht, heute, heute!<\/p>\n<p style=\"text-align: center\">\u00dcber uns kommt es wie ein Traum,<\/p>\n<p style=\"text-align: center\">ist nicht die Welt heut ein einziger Baum,<\/p>\n<p style=\"text-align: center\">an dem Millionen Kerzen schaukeln?<\/p>\n<p style=\"text-align: center\">Alte Erinnerungen gaukeln<\/p>\n<p style=\"text-align: center\">aus fernen Zeiten an uns vor\u00fcber<\/p>\n<p style=\"text-align: center\">und jede klagt: Hin\u00fcber, hin\u00fcber!<\/p>\n<p style=\"text-align: center\">Und ein altes Lied f\u00e4llt uns wieder ein:<\/p>\n<p style=\"text-align: center\">O selig, o selig, ein Kind noch zu sein!<\/p>\n<p>&nbsp;<\/p>\n<p>&nbsp;<\/p>\n<p style=\"text-align: center\">***<\/p>\n<div id=\"attachment_13545\" style=\"width: 230px\" class=\"wp-caption alignleft\"><a href=\"http:\/\/www.editiondaslabor.de\/blog\/wp-content\/uploads\/2013\/12\/220px-Buettner_Arno_Holz.jpg\"><img loading=\"lazy\" decoding=\"async\" aria-describedby=\"caption-attachment-13545\" class=\"size-full wp-image-13545\" src=\"http:\/\/www.editiondaslabor.de\/blog\/wp-content\/uploads\/2013\/12\/220px-Buettner_Arno_Holz.jpg\" alt=\"\" width=\"220\" height=\"306\" srcset=\"http:\/\/www.editiondaslabor.de\/blog\/wp-content\/uploads\/2013\/12\/220px-Buettner_Arno_Holz.jpg 220w, http:\/\/www.editiondaslabor.de\/blog\/wp-content\/uploads\/2013\/12\/220px-Buettner_Arno_Holz-215x300.jpg 215w\" sizes=\"auto, (max-width: 220px) 100vw, 220px\" \/><\/a><p id=\"caption-attachment-13545\" class=\"wp-caption-text\">Arno Holz, Portr\u00e4t von Erich B\u00fcttner (1916<\/p><\/div>\n<p style=\"text-align: justify\">Den Essay &#8222;Die Kunst. Ihr Wesen und ihre Gesetze&#8220; lesen Sie <a href=\"http:\/\/www.editiondaslabor.de\/blog\/?p=13549\">hier<\/a>. Eine Rezension von Kurt Tucholsky <a href=\"http:\/\/www.editiondaslabor.de\/blog\/?p=13542\">hier<\/a> und eine weitere W\u00fcrdigung <a href=\"http:\/\/www.editiondaslabor.de\/blog\/?p=13964\">hier.<\/a><\/p>\n<p style=\"text-align: justify\"><strong>Weiterf\u00fchrend \u2192<\/strong>\u00a0Poesie z\u00e4hlt f\u00fcr KUNO weiterhin zu den identit\u00e4ts- und identifikationstiftenden Elementen einer Kultur, dies bezeugte auch der Versuch einer <a href=\"http:\/\/www.editiondaslabor.de\/blog\/?p=25630\">poetologischen Positionsbestimmung<\/a>.<\/p>\n","protected":false},"excerpt":{"rendered":"<p>&nbsp; Und wieder nun l\u00e4\u00dft aus dem Dunkeln die Weihnacht ihre Sterne funkeln! Die Engel im Himmel h\u00f6rt man sich k\u00fcssen und die ganze Welt riecht nach Pfeffern\u00fcssen &#8230; &nbsp; So heimlich war es die letzten Wochen, die H\u00e4user nach&hellip;<\/p>\n<p class=\"more-link-p\"><a class=\"more-link\" href=\"http:\/\/www.editiondaslabor.de\/blog\/2015\/12\/24\/weihnachten\/\">Read more &rarr;<\/a><\/p>\n","protected":false},"author":82,"featured_media":21189,"comment_status":"closed","ping_status":"closed","sticky":false,"template":"","format":"standard","meta":{"footnotes":""},"categories":[1],"tags":[424],"class_list":["post-82689","post","type-post","status-publish","format-standard","has-post-thumbnail","hentry","category-literatur","tag-arno-holz"],"_links":{"self":[{"href":"http:\/\/www.editiondaslabor.de\/blog\/wp-json\/wp\/v2\/posts\/82689","targetHints":{"allow":["GET"]}}],"collection":[{"href":"http:\/\/www.editiondaslabor.de\/blog\/wp-json\/wp\/v2\/posts"}],"about":[{"href":"http:\/\/www.editiondaslabor.de\/blog\/wp-json\/wp\/v2\/types\/post"}],"author":[{"embeddable":true,"href":"http:\/\/www.editiondaslabor.de\/blog\/wp-json\/wp\/v2\/users\/82"}],"replies":[{"embeddable":true,"href":"http:\/\/www.editiondaslabor.de\/blog\/wp-json\/wp\/v2\/comments?post=82689"}],"version-history":[{"count":0,"href":"http:\/\/www.editiondaslabor.de\/blog\/wp-json\/wp\/v2\/posts\/82689\/revisions"}],"wp:featuredmedia":[{"embeddable":true,"href":"http:\/\/www.editiondaslabor.de\/blog\/wp-json\/"}],"wp:attachment":[{"href":"http:\/\/www.editiondaslabor.de\/blog\/wp-json\/wp\/v2\/media?parent=82689"}],"wp:term":[{"taxonomy":"category","embeddable":true,"href":"http:\/\/www.editiondaslabor.de\/blog\/wp-json\/wp\/v2\/categories?post=82689"},{"taxonomy":"post_tag","embeddable":true,"href":"http:\/\/www.editiondaslabor.de\/blog\/wp-json\/wp\/v2\/tags?post=82689"}],"curies":[{"name":"wp","href":"https:\/\/api.w.org\/{rel}","templated":true}]}}