{"id":82596,"date":"2007-06-01T00:01:15","date_gmt":"2007-05-31T22:01:15","guid":{"rendered":"http:\/\/www.editiondaslabor.de\/blog\/?p=82596"},"modified":"2021-12-16T05:22:03","modified_gmt":"2021-12-16T04:22:03","slug":"too-much-future-punk-in-der-ddr","status":"publish","type":"post","link":"http:\/\/www.editiondaslabor.de\/blog\/2007\/06\/01\/too-much-future-punk-in-der-ddr\/","title":{"rendered":"Too Much future &#8211; Punk in der DDR"},"content":{"rendered":"<p style=\"text-align: right;\"><em><span style=\"color: #999999;\">Vielleicht sind \u203aechte Punks\u2039 ein Ph\u00e4nomen, das es so gar nicht gegeben hat.<\/span><\/em><\/p>\n<p style=\"text-align: right;\"><span style=\"color: #999999;\">Annette Grotkasten<\/span><\/p>\n<p style=\"text-align: justify;\">Die erste Auflage des Katalogs \u00bbtoo much future &#8211; Punk in der DDR\u00ab erschien 2005 anl\u00e4sslich der aufsehenerregenden Ausstellung \u00bbtoo much future\u00ab in Berlin und war innerhalb weniger Tage vergriffen. Jetzt wird es eine neue \u00fcberarbeitete und erweiterte Auflage geben, sie ist zweisprachig in Deutsch und Englisch. Schwerpunkte sind die Szene in Ostberlin und in Leipzig, doch auch der Punk au\u00dferhalb dieser Zentren, also etwa aus Dresden, Erfurt und Weimar, wird einbezogen.<\/p>\n<p style=\"text-align: right;\"><em><span style=\"color: #999999;\">Der Tumult, den die Punks in der DDR provozierten, forderte einen Disziplinarstaat heraus, der seine Jugend steuern wollte, von dem sich aber die Punkrocker nicht lenken lie\u00dfen.<\/span><\/em><\/p>\n<p style=\"text-align: right;\"><span style=\"color: #999999;\">Deutschlandfunk<\/span><\/p>\n<p style=\"text-align: justify;\">Alle Autoren des Bandes, u.a. Bodo Mrozek, Bert Papenfu\u00df und Cornelia Schleime waren der Szene direkt oder indirekt verbunden. Die Texte behandeln die Anf\u00e4nge der Punkbewegung, die seltsame Konstellation von Punk und Kirche in der DDR, die Repressionsgeschichte durch die Verfolgung seitens der Staatssicherheit sowie die Wirkung, welche Punk auf den Kunst-Underground bzw. Hintergrund aus\u00fcbte.<\/p>\n<p style=\"text-align: right;\"><em><span style=\"color: #999999;\">Zeigt, wie sich die SED ihr eigenes Grab schaufelte.<\/span><\/em><\/p>\n<p style=\"text-align: right;\"><span style=\"color: #999999;\">TAZ<\/span><\/p>\n<p style=\"text-align: justify;\">Die Texte und Fotos werden zusammengehalten durch ein gewagtes Layout, das den Begriff der Punk-Bewegung aufgreift. Die Texte werden auch mal aus dem Blocksatz gerissen, kippen, rotieren, \u00fcberlagern sich oder werden von Balken und Schwarzfl\u00e4chen wie in einen Schraubstock gespannt. Damit wird eine tradierte Punk\u00e4sthetik zitiert, sie ist jedoch angereichert durch Anleihen beim Scherenschnitt, Tapecover Art, Korrekturfahnen, Samisdat-Typografie und einem offensichtlichen Faible f\u00fcr eine Ausschuss\u00e4sthetik. Eine Gratwanderung zwischen Experiment und Konsumierbarkeit Postpunk eben.<\/p>\n<p style=\"text-align: right;\"><em><span style=\"color: #999999;\">Ein kundiger Ausdruck stolzen gelebten Lebens in unguten Zeiten.<\/span><\/em><\/p>\n<p style=\"text-align: right;\"><span style=\"color: #999999;\">Der Freitag<\/span><\/p>\n<p style=\"text-align: justify;\">Der Katalog ist \u00fcppig bebildert mit Fotos und Reproduktionen von Dokumenten, Flyern, Grafiken und nat\u00fcrlich den Protagonisten der Szene. Teil des Katalogs ist zudem ein Bandregister, das beinahe 100 DDR -Punkbands mit ihren jeweiligen Line-Ups.<\/p>\n<p>&nbsp;<\/p>\n<p>&nbsp;<\/p>\n<p style=\"text-align: center;\">***<\/p>\n<p style=\"text-align: justify;\"><strong>Too Much future &#8211; Punk in der DDR<\/strong>. von <span data-width=\"\">Michael Boehlke<\/span> und\u00a0 <span data-width=\"\">Henryk Gericke. Verbrecher Verlag, Berlin 2007<br \/>\n<\/span><\/p>\n<p style=\"text-align: justify;\"><strong><a href=\"http:\/\/www.editiondaslabor.de\/blog\/wp-content\/uploads\/2007\/06\/Punk_DDR-Cover.jpg\"><img loading=\"lazy\" decoding=\"async\" class=\"alignleft wp-image-82599 size-medium\" src=\"http:\/\/www.editiondaslabor.de\/blog\/wp-content\/uploads\/2007\/06\/Punk_DDR-Cover-195x300.jpg\" alt=\"\" width=\"195\" height=\"300\" srcset=\"http:\/\/www.editiondaslabor.de\/blog\/wp-content\/uploads\/2007\/06\/Punk_DDR-Cover-195x300.jpg 195w, http:\/\/www.editiondaslabor.de\/blog\/wp-content\/uploads\/2007\/06\/Punk_DDR-Cover-260x400.jpg 260w, http:\/\/www.editiondaslabor.de\/blog\/wp-content\/uploads\/2007\/06\/Punk_DDR-Cover-160x246.jpg 160w, http:\/\/www.editiondaslabor.de\/blog\/wp-content\/uploads\/2007\/06\/Punk_DDR-Cover.jpg 324w\" sizes=\"auto, (max-width: 195px) 100vw, 195px\" \/><\/a>Weiterf\u00fchrend \u2192<\/strong><\/p>\n<p style=\"text-align: justify;\">Die Konfrontation der \u00c4sthetiken der digitalen Medien mit dem <a href=\"http:\/\/www.editiondaslabor.de\/blog\/?p=40989\">Kassettenuntergrund<\/a> erweist zweierlei: Zum einen, da\u00df das Pensum, das eine digitale \u00c4sthetik f\u00fcr sich reklamiert, bereits von den avancierten Werken der Analog\u00adepoche \u00fcberboten wurde, zum andern, da\u00df die Theoretiker einer digitalen \u00c4sthetik die Entwicklung der Technologie notorisch einem \u00e4sthetischen Fortschritt gutschreiben.<\/p>\n<p style=\"text-align: justify;\">Dem Begriff <em>Trash<\/em> haftet der Hauch der Verruchtheit und des Nonkonformismus an. In Musik, Kunst oder Film gilt Trash als Bewegung, die im Klandestinen stattfindet und an der nur ein exklusiver Kreis nonkonformistischer Aussenseiter partizipiert. Dieser angeschmutzte Realismus entzieht sich der Rezeption in einer \u00f6ffentlichen Institution. Es sei Enno Stahls fulminantes Zeitdokument\u00a0<a href=\"http:\/\/www.editiondaslabor.de\/blog\/?p=26047\">Deutscher Trash<\/a> ebenso eindr\u00fccklich empfohlen wie Heiner Links <a href=\"http:\/\/www.editiondaslabor.de\/blog\/?p=42272\">Vorwort<\/a> zum Band Trash-Piloten. Ebenso verwiesen sei auf <a href=\"http:\/\/www.editiondaslabor.de\/blog\/?p=44449\">Trash-Lyrik<\/a>. Lesen Sie auch den Artikel <a href=\"http:\/\/www.editiondaslabor.de\/blog\/?p=35655\"><em>Perlen des Trash<\/em><\/a> \u00fcber 25 Jahre Gossenhefte.<\/p>\n","protected":false},"excerpt":{"rendered":"<p>Vielleicht sind \u203aechte Punks\u2039 ein Ph\u00e4nomen, das es so gar nicht gegeben hat. Annette Grotkasten Die erste Auflage des Katalogs \u00bbtoo much future &#8211; Punk in der DDR\u00ab erschien 2005 anl\u00e4sslich der aufsehenerregenden Ausstellung \u00bbtoo much future\u00ab in Berlin und&hellip;<\/p>\n<p class=\"more-link-p\"><a class=\"more-link\" href=\"http:\/\/www.editiondaslabor.de\/blog\/2007\/06\/01\/too-much-future-punk-in-der-ddr\/\">Read more &rarr;<\/a><\/p>\n","protected":false},"author":2,"featured_media":82599,"comment_status":"closed","ping_status":"closed","sticky":false,"template":"","format":"standard","meta":{"footnotes":""},"categories":[1],"tags":[3237,2906,2905],"class_list":["post-82596","post","type-post","status-publish","format-standard","has-post-thumbnail","hentry","category-literatur","tag-annette-grotkasten","tag-henryk-gericke","tag-michael-boehlke"],"_links":{"self":[{"href":"http:\/\/www.editiondaslabor.de\/blog\/wp-json\/wp\/v2\/posts\/82596","targetHints":{"allow":["GET"]}}],"collection":[{"href":"http:\/\/www.editiondaslabor.de\/blog\/wp-json\/wp\/v2\/posts"}],"about":[{"href":"http:\/\/www.editiondaslabor.de\/blog\/wp-json\/wp\/v2\/types\/post"}],"author":[{"embeddable":true,"href":"http:\/\/www.editiondaslabor.de\/blog\/wp-json\/wp\/v2\/users\/2"}],"replies":[{"embeddable":true,"href":"http:\/\/www.editiondaslabor.de\/blog\/wp-json\/wp\/v2\/comments?post=82596"}],"version-history":[{"count":0,"href":"http:\/\/www.editiondaslabor.de\/blog\/wp-json\/wp\/v2\/posts\/82596\/revisions"}],"wp:featuredmedia":[{"embeddable":true,"href":"http:\/\/www.editiondaslabor.de\/blog\/wp-json\/"}],"wp:attachment":[{"href":"http:\/\/www.editiondaslabor.de\/blog\/wp-json\/wp\/v2\/media?parent=82596"}],"wp:term":[{"taxonomy":"category","embeddable":true,"href":"http:\/\/www.editiondaslabor.de\/blog\/wp-json\/wp\/v2\/categories?post=82596"},{"taxonomy":"post_tag","embeddable":true,"href":"http:\/\/www.editiondaslabor.de\/blog\/wp-json\/wp\/v2\/tags?post=82596"}],"curies":[{"name":"wp","href":"https:\/\/api.w.org\/{rel}","templated":true}]}}