{"id":82386,"date":"2016-12-20T00:01:59","date_gmt":"2016-12-19T23:01:59","guid":{"rendered":"http:\/\/www.editiondaslabor.de\/blog\/?p=82386"},"modified":"2021-04-09T12:15:07","modified_gmt":"2021-04-09T10:15:07","slug":"tanger-telegramm","status":"publish","type":"post","link":"http:\/\/www.editiondaslabor.de\/blog\/2016\/12\/20\/tanger-telegramm\/","title":{"rendered":"Tanger Telegramm"},"content":{"rendered":"<p style=\"text-align: right;\"><span style=\"color: #999999;\"><em>Tanger ist ein Ort in unseren K\u00f6pfen, und das macht uns diese Anthologie bewusst.<\/em><\/span><\/p>\n<p style=\"text-align: right;\"><span style=\"color: #999999;\">Roger Willemsen, Literatur-Club<\/span><\/p>\n<p style=\"text-align: justify;\">Im Brennpunkt der vorliegenden Anthologie steht die marokkanische Stadt Tanger in den Literaturen des 20. Jahrhunderts. W\u00e4hrend es in den spanischen, franz\u00f6sischen, englischen und arabischen Sprachr\u00e4umen l\u00e4ngst Anthologien zu der weltliterarisch relevanten Stadt an der Meerenge von Gibraltar gibt, fehlte im deutschen Sprachraum bislang eine solche Textsammlung. Diese L\u00fccke schliesst das TANGER TELEGRAMM.<\/p>\n<p style=\"text-align: justify;\">Florian Vetsch und Boris Kerenski nehmen Sie mit auf eine faszinierende Reise in eine Stadt, deren Name allein schon pure Poesie ist: TANGER. Es ist die erste deutschprachige relevante Textsammlung durch die Literaturen des 20. Jahrhunderts, beginnend mit einem Text von Hans Christian Andersens aus dem 19. Jahrhundert, mit der Erinnerung an eine weisse Stadt, umgeben von gr\u00fcnen H\u00fcgeln, der man sich von Europa aus nur auf dem Seeweg n\u00e4hern konnte \u2013 an ein Tanger, das es so nicht mehr gibt.<\/p>\n<p style=\"text-align: justify;\">In drei Abteilungen erschliessen sich der Leserin, dem Leser tangerine Themen wie Drogen, Gewalt, Sexualit\u00e4t, Trancemusik, Interkulturalit\u00e4t. Doch r\u00fccken immer wieder die Stadt selbst und die strengen oder libertin\u00e4ren Sitten ihrer vielf\u00e4ltigen Bewohnerinnen und Bewohner ins Zentrum. Die US-amerikanische und die deutsche Beat Generation, Jean Genet in Marokko, der Innovator und Inspirator Brion Gysin, Jane Bowles\u2018 Erz\u00e4hlung \u00abAlles ist sch\u00f6n\u00bb oder der Tod von Paul Bowles am 18. November 1999 sind weitere Themen, denen verschiedene Texte in dieser faszinierenden Anthologie gewidmet sind.&#8220;<\/p>\n<p style=\"text-align: justify;\">Die Texte bereichert bislang unpubliziertes Bildmaterial, darunter Fotos von Udo Breger, Ira Cohen, Helmut Federle, Roberto de Hollanda, Cherie Nutting, Vittorio Santoro und anderen mehr.<\/p>\n<p style=\"text-align: justify;\">Tanger bedeutet Internationale Zone, auch ausserhalb der gleichnamigen historischen Epoche, ein Freiraum, in den diese nach Leben duftende Anthologie einl\u00e4dt, ein Freiraum, in dem Sie sich lustvoll verlieren werden.<\/p>\n<p>&nbsp;<\/p>\n<p style=\"text-align: center;\">***<\/p>\n<p style=\"text-align: justify;\"><strong>Tanger Telegramm<\/strong> Reise durch die Literaturen einer legend\u00e4ren marokkanischen Stadt. bilgerverlag, 365 Seiten, gebunden, Leseb\u00e4ndchen, reich illustriert<\/p>\n<div class=\"entry-content\">\n<p style=\"text-align: justify;\"><strong><a href=\"http:\/\/www.editiondaslabor.de\/blog\/wp-content\/uploads\/2016\/12\/Tanger-Telegramm_small.jpg\"><img loading=\"lazy\" decoding=\"async\" class=\"alignleft size-full wp-image-82390\" src=\"http:\/\/www.editiondaslabor.de\/blog\/wp-content\/uploads\/2016\/12\/Tanger-Telegramm_small.jpg\" alt=\"\" width=\"181\" height=\"220\" srcset=\"http:\/\/www.editiondaslabor.de\/blog\/wp-content\/uploads\/2016\/12\/Tanger-Telegramm_small.jpg 181w, http:\/\/www.editiondaslabor.de\/blog\/wp-content\/uploads\/2016\/12\/Tanger-Telegramm_small-160x194.jpg 160w\" sizes=\"auto, (max-width: 181px) 100vw, 181px\" \/><\/a>Weiterf\u00fchrend zur Theorie des Sozialen \u2192<\/strong><\/p>\n<p style=\"text-align: justify;\">Eine Theorie des Sozialen lautet, es gebe in der Politik keine L\u00fccken. Immer wo sich eine auftue, werde sie sofort von anderen Akteuren besetzt. Kaum jemand hat die L\u00fcckenhaftigkeit des <em>Underground<\/em> so konzequent <a href=\"http:\/\/www.editiondaslabor.de\/blog\/2008\/09\/24\/underground\/\">erz\u00e4hlt<\/a> wie N\u00ed Gudix und ihre <a href=\"http:\/\/www.editiondaslabor.de\/blog\/2008\/08\/23\/kritik-an-der-literarischen-alternative\/\">Kritik an der literarischen Alternative<\/a> ist berechtigt. Ein Portr\u00e4t von N\u00ed Gudix findet sich <a href=\"http:\/\/www.editiondaslabor.de\/blog\/2015\/08\/16\/da-lernst-du-die-menschen-kennen\/\">hier<\/a>. Lesen Sie auch die <a href=\"http:\/\/www.editiondaslabor.de\/blog\/2005\/09\/24\/erinnerungen\/\">Erinnerungen an den Bottroper Literaturrocker<\/a> von Werner Streletz und den <a href=\"http:\/\/www.editiondaslabor.de\/blog\/2008\/09\/28\/rip-bruno\/\">Nachruf<\/a> von Bruno Runzheimer. In einem Kollegengespr\u00e4ch mit Barbara Ester dekonstruiert A.J. Weigoni die <em><a href=\"http:\/\/www.editiondaslabor.de\/blog\/1997\/10\/09\/ruhrgebietsromantik\/\">Ruhrgebietsromantik<\/a><\/em>. Mit<a href=\"http:\/\/www.editiondaslabor.de\/blog\/?p=6071\"> Kersten Flenter<\/a> und <a href=\"http:\/\/www.editiondaslabor.de\/blog\/2001\/06\/23\/killroy-review\/\">Michael Sch\u00f6nauer<\/a> geh\u00f6rte <a href=\"http:\/\/www.editiondaslabor.de\/blog\/2015\/08\/24\/polyphone-ich-erzaehlungen\/\">Tom de Toys<\/a> zum\u00a0Dreigestirn des deutschen <a href=\"http:\/\/www.editiondaslabor.de\/blog\/1997\/01\/05\/bewegung\/\">Poetry Slam<\/a>. Einen Nachruf von Theo Breuer auf den Urvater des Social-Beat finden Sie <a href=\"http:\/\/www.editiondaslabor.de\/blog\/2012\/03\/07\/hubsch-revisited\/\">hier<\/a> \u2013 Sowie selbstverst\u00e4ndlich his <a href=\"http:\/\/www.editiondaslabor.de\/blog\/1995\/06\/25\/wie-was-social-beat-ist-und-warum-und-warum-nicht\/\">Masters voice<\/a>. Und Dr. Stahls kaltgenaue <a href=\"http:\/\/www.editiondaslabor.de\/blog\/2002\/06\/26\/social-beat-vs-digitales-dasein\/\">Analyse<\/a>. \u2013 1989 erscheint Helge Schneiders allererste Schallplatte <a href=\"http:\/\/www.editiondaslabor.de\/blog\/?p=26990\"><em>Seine gr\u00f6\u00dften Erfolge<\/em><\/a>. Produziert von Helge Schneider und <a href=\"http:\/\/www.editiondaslabor.de\/blog\/2012\/07\/20\/klangkloetzchen\/\">Tom T\u00e4ger<\/a> im Tonstudio\/Ruhr. Constanze Schmidt beschreibt den Weg von <a href=\"http:\/\/www.editiondaslabor.de\/blog\/?p=26080\">Proust zu Pulp<\/a>. Ebenso eindr\u00fccklich empfohlen sei Heiner Links <a href=\"http:\/\/www.editiondaslabor.de\/blog\/?p=42272\">Vorwort<\/a> zum Band Trash-Piloten. \u2013 Die KUNO-Redaktion bat A.J. Weigoni um einen Text mit Bezug auf die Mainzer Minpressenmesse (MMPM) und er kramte eine <a href=\"http:\/\/www.editiondaslabor.de\/blog\/1993\/05\/31\/treff-der-titanen\/\">Realsatire<\/a> aus dem Jahr 1993 heraus, die er f\u00fcr den Mainzer Verleger Jens Neumann geschrieben hat.<\/p>\n<\/div>\n<footer class=\"entry\">\n<p class=\"tags\" style=\"text-align: justify;\">\n<\/footer>\n","protected":false},"excerpt":{"rendered":"<p>Tanger ist ein Ort in unseren K\u00f6pfen, und das macht uns diese Anthologie bewusst. Roger Willemsen, Literatur-Club Im Brennpunkt der vorliegenden Anthologie steht die marokkanische Stadt Tanger in den Literaturen des 20. Jahrhunderts. W\u00e4hrend es in den spanischen, franz\u00f6sischen, englischen&hellip;<\/p>\n<p class=\"more-link-p\"><a class=\"more-link\" href=\"http:\/\/www.editiondaslabor.de\/blog\/2016\/12\/20\/tanger-telegramm\/\">Read more &rarr;<\/a><\/p>\n","protected":false},"author":2,"featured_media":82390,"comment_status":"closed","ping_status":"closed","sticky":false,"template":"","format":"standard","meta":{"footnotes":""},"categories":[1],"tags":[2621,2900],"class_list":["post-82386","post","type-post","status-publish","format-standard","has-post-thumbnail","hentry","category-literatur","tag-boris-kerenski","tag-florian-vetsch"],"_links":{"self":[{"href":"http:\/\/www.editiondaslabor.de\/blog\/wp-json\/wp\/v2\/posts\/82386","targetHints":{"allow":["GET"]}}],"collection":[{"href":"http:\/\/www.editiondaslabor.de\/blog\/wp-json\/wp\/v2\/posts"}],"about":[{"href":"http:\/\/www.editiondaslabor.de\/blog\/wp-json\/wp\/v2\/types\/post"}],"author":[{"embeddable":true,"href":"http:\/\/www.editiondaslabor.de\/blog\/wp-json\/wp\/v2\/users\/2"}],"replies":[{"embeddable":true,"href":"http:\/\/www.editiondaslabor.de\/blog\/wp-json\/wp\/v2\/comments?post=82386"}],"version-history":[{"count":0,"href":"http:\/\/www.editiondaslabor.de\/blog\/wp-json\/wp\/v2\/posts\/82386\/revisions"}],"wp:featuredmedia":[{"embeddable":true,"href":"http:\/\/www.editiondaslabor.de\/blog\/wp-json\/"}],"wp:attachment":[{"href":"http:\/\/www.editiondaslabor.de\/blog\/wp-json\/wp\/v2\/media?parent=82386"}],"wp:term":[{"taxonomy":"category","embeddable":true,"href":"http:\/\/www.editiondaslabor.de\/blog\/wp-json\/wp\/v2\/categories?post=82386"},{"taxonomy":"post_tag","embeddable":true,"href":"http:\/\/www.editiondaslabor.de\/blog\/wp-json\/wp\/v2\/tags?post=82386"}],"curies":[{"name":"wp","href":"https:\/\/api.w.org\/{rel}","templated":true}]}}