{"id":82362,"date":"2024-04-09T00:01:07","date_gmt":"2024-04-08T22:01:07","guid":{"rendered":"http:\/\/www.editiondaslabor.de\/blog\/?p=82362"},"modified":"2024-04-08T20:07:25","modified_gmt":"2024-04-08T18:07:25","slug":"der-untergang-der-romantischen-sonne","status":"publish","type":"post","link":"http:\/\/www.editiondaslabor.de\/blog\/2024\/04\/09\/der-untergang-der-romantischen-sonne\/","title":{"rendered":"Der Untergang der romantischen Sonne"},"content":{"rendered":"<p>&nbsp;<\/p>\n<p>Wie sch\u00f6n ist doch die frisch erwachte sonne!<\/p>\n<p>Mit flammenausbruch w\u00fcnscht sie frohen tag.<\/p>\n<p>Gl\u00fcckselig wer in liebe gr\u00fcssen mag<\/p>\n<p>Auch ihren untergang \u00b7 ein traum an wonne!<\/p>\n<p>&nbsp;<\/p>\n<p>Ich weiss noch &#8230; alles: blumen quelle thal<\/p>\n<p>Vor ihr erstanden wie ein herz das h\u00e4mmert ..<\/p>\n<p>Zum horizont! auf! eilen wir! es d\u00e4mmert \u00b7<\/p>\n<p>Lasst uns noch haschen einen schiefen strahl!<\/p>\n<p>&nbsp;<\/p>\n<p>Jedoch umsonst \u2013 die G\u00f6ttin niedergleitet \u00b7<\/p>\n<p>Unwiderstehlich sich die nacht verbreitet<\/p>\n<p>Schwarz feucht verh\u00e4ngnisvoll und schreckenreich.<\/p>\n<p>&nbsp;<\/p>\n<p>Es scheint als ob ein grabhauch auf ihr laste<\/p>\n<p>Und \u00e4ngstlich st\u00f6sst mein fuss an dem moraste<\/p>\n<p>Versteckte kr\u00f6ten schnecken kalt und weich.<\/p>\n<p>&nbsp;<\/p>\n<p>&nbsp;<\/p>\n<p style=\"text-align: center;\">***<\/p>\n<p style=\"text-align: justify;\"><strong>Die Blumen des B\u00f6sen<\/strong> von Charles Baudelaire. Umdichtungen von Stefan George. Berlin: Bondi, 1922<\/p>\n<div id=\"attachment_48561\" style=\"width: 214px\" class=\"wp-caption alignleft\"><a href=\"https:\/\/deref-gmx.net\/mail\/client\/zczlSQ8GdEk\/dereferrer\/?redirectUrl=https%3A%2F%2Fpublic-api.wordpress.com%2Fbar%2F%3Fstat%3Dgroovemails-events%26bin%3Dwpcom_email_click%26redirect_to%3Dhttps%253A%252F%252Flyrikzeitung.files.wordpress.com%252F2021%252F04%252Fbildschirmfoto-2021-04-09-um-03.44.13.jpg%26sr%3D1%26signature%3Da16b00b2ec571f8248ba4eefd4d5ac14%26user%3D28512685%26_e%3DeyJlcnJvciI6bnVsbCwiYmxvZ19pZCI6OTA0MzQyMiwiYmxvZ19sYW5nIjoiZGUtREUiLCJzaXRlX2lkX2xhYmVsIjoid3Bjb20iLCJlbWFpbF9uYW1lIjoiZW1haWxfc3Vic2NyaXB0aW9uIiwiX3VpIjoyODUxMjY4NSwiZW1haWxfaWQiOiJlN2I5Y2UxOGYzNjM4ZTBhMjEwOTM1ZjdmNGI3MTdiMSIsImRhdGVfc2VudCI6IjIwMjEtMDQtMDkiLCJsb2NhbGUiOiJkZSIsImN1cnJlbmN5IjoiRVVSIiwiY291bnRyeV9jb2RlX3NpZ251cCI6IkRFIiwiZG9tYWluIjoibHlyaWt6ZWl0dW5nLndvcmRwcmVzcy5jb20iLCJmcmVxdWVuY3kiOiIwIiwiZGlnZXN0IjoiMCIsImhhc19odG1sIjoiMSIsImFuY2hvcl90ZXh0IjoiIiwiX2RyIjpudWxsLCJfZGwiOiJcL3dwLWNyb24ucGhwP2RvaW5nX3dwX2Nyb249MTYxNzk0MDg2MC44MzU3NDM5MDQxMTM3Njk1MzEyNTAwIiwiX3V0Ijoid3Bjb206dXNlcl9pZCIsIl91bCI6Im1hdHRoaWFzYWdlZG9ybmgiLCJfZW4iOiJ3cGNvbV9lbWFpbF9jbGljayIsIl90cyI6MTYxNzk0MDg4NDUzNCwiYnJvd3Nlcl90eXBlIjoicGhwLWFnZW50IiwiX2F1YSI6IndwY29tLXRyYWNrcy1jbGllbnQtdjAuMyIsImJsb2dfdHoiOiIyIiwidXNlcl9sYW5nIjoiZGUifQ%3D%26_z%3Dz\" target=\"_blank\" rel=\"noopener\"><img loading=\"lazy\" decoding=\"async\" aria-describedby=\"caption-attachment-48561\" class=\"wp-image-48561 size-medium\" src=\"https:\/\/lyrikzeitung.files.wordpress.com\/2021\/04\/bildschirmfoto-2021-04-09-um-03.44.13.jpg?w=204\" alt=\"\" width=\"204\" height=\"300\" border=\"0\" \/><\/a><p id=\"caption-attachment-48561\" class=\"wp-caption-text\">Cover der Ausgabe von 1922<\/p><\/div>\n<p style=\"text-align: justify;\"><strong>Weiterf\u00fchrend<\/strong> <strong>\u2192<\/strong> Die Redaktion blieb seit 1989 zum lyrischen Mainstream stets in <em><a href=\"http:\/\/www.editiondaslabor.de\/blog\/1989\/01\/05\/lyrik-als-seismograph-an-der-epochenschwelle\/\">\u00c4quidistanz<\/a><\/em>.<\/p>\n<p style=\"text-align: justify;\"><strong>\u2192<\/strong> 1995 betrachteten wir die Lyrik vor dem Hintergrund der Mediengeschichte als <a href=\"http:\/\/www.editiondaslabor.de\/blog\/1995\/01\/02\/laboratorium-der-poesie\/\"><em>Laboratorium der Poesie<\/em><\/a><\/p>\n<p style=\"text-align: justify;\">\u2192 2005 vertieften wir die Medienbetrachtung mit dem Schwerpunkt <a href=\"http:\/\/www.editiondaslabor.de\/blog\/2005\/01\/02\/transmediale-poesie\/\"><em>Transmediale Poesie<\/em><\/a><\/p>\n<p style=\"text-align: justify;\">\u2192\u00a0 Um den Widerstand gegen die gepolsterte Gegenwartslyrik ein wenig anzufachen schickte <span data-offset-key=\"d96ve-1-0\">Wolfgang Schlott<\/span><span data-offset-key=\"d96ve-2-0\"> KUNO dieses post-dadaistische <a href=\"http:\/\/www.editiondaslabor.de\/blog\/2016\/02\/03\/handwerkliche-anleitungen-zur-ueberwindung-von-schreibblockaden\/\">Manifest<\/a>.<\/span><\/p>\n<p style=\"text-align: justify;\">\u2192 2015 fragen wir uns in der <a href=\"http:\/\/www.editiondaslabor.de\/blog\/2015\/01\/02\/poetologische-positionsbestimmung\/\"><em>Minima poetica<\/em><\/a> wie man mit Elementarteilchen die Gattung Lyrik neu zusammensetzt.<\/p>\n<p style=\"text-align: justify;\">\u2192 2023 finden Sie \u00fcber dieses Online-Magazin eine Betrachtung als <a href=\"http:\/\/www.editiondaslabor.de\/blog\/?p=78067\">eine Anthologie im Ganzen<\/a>.<\/p>\n","protected":false},"excerpt":{"rendered":"<p>&nbsp; Wie sch\u00f6n ist doch die frisch erwachte sonne! Mit flammenausbruch w\u00fcnscht sie frohen tag. Gl\u00fcckselig wer in liebe gr\u00fcssen mag Auch ihren untergang \u00b7 ein traum an wonne! &nbsp; Ich weiss noch &#8230; alles: blumen quelle thal Vor ihr&hellip;<\/p>\n<p class=\"more-link-p\"><a class=\"more-link\" href=\"http:\/\/www.editiondaslabor.de\/blog\/2024\/04\/09\/der-untergang-der-romantischen-sonne\/\">Read more &rarr;<\/a><\/p>\n","protected":false},"author":230,"featured_media":98207,"comment_status":"closed","ping_status":"closed","sticky":false,"template":"","format":"standard","meta":{"footnotes":""},"categories":[1],"tags":[127,2899],"class_list":["post-82362","post","type-post","status-publish","format-standard","has-post-thumbnail","hentry","category-literatur","tag-charles-baudelaire","tag-stefan-george"],"_links":{"self":[{"href":"http:\/\/www.editiondaslabor.de\/blog\/wp-json\/wp\/v2\/posts\/82362","targetHints":{"allow":["GET"]}}],"collection":[{"href":"http:\/\/www.editiondaslabor.de\/blog\/wp-json\/wp\/v2\/posts"}],"about":[{"href":"http:\/\/www.editiondaslabor.de\/blog\/wp-json\/wp\/v2\/types\/post"}],"author":[{"embeddable":true,"href":"http:\/\/www.editiondaslabor.de\/blog\/wp-json\/wp\/v2\/users\/230"}],"replies":[{"embeddable":true,"href":"http:\/\/www.editiondaslabor.de\/blog\/wp-json\/wp\/v2\/comments?post=82362"}],"version-history":[{"count":3,"href":"http:\/\/www.editiondaslabor.de\/blog\/wp-json\/wp\/v2\/posts\/82362\/revisions"}],"predecessor-version":[{"id":105379,"href":"http:\/\/www.editiondaslabor.de\/blog\/wp-json\/wp\/v2\/posts\/82362\/revisions\/105379"}],"wp:featuredmedia":[{"embeddable":true,"href":"http:\/\/www.editiondaslabor.de\/blog\/wp-json\/wp\/v2\/media\/98207"}],"wp:attachment":[{"href":"http:\/\/www.editiondaslabor.de\/blog\/wp-json\/wp\/v2\/media?parent=82362"}],"wp:term":[{"taxonomy":"category","embeddable":true,"href":"http:\/\/www.editiondaslabor.de\/blog\/wp-json\/wp\/v2\/categories?post=82362"},{"taxonomy":"post_tag","embeddable":true,"href":"http:\/\/www.editiondaslabor.de\/blog\/wp-json\/wp\/v2\/tags?post=82362"}],"curies":[{"name":"wp","href":"https:\/\/api.w.org\/{rel}","templated":true}]}}