{"id":82184,"date":"2015-04-06T00:01:34","date_gmt":"2015-04-05T22:01:34","guid":{"rendered":"http:\/\/www.editiondaslabor.de\/blog\/?p=82184"},"modified":"2022-02-18T16:23:18","modified_gmt":"2022-02-18T15:23:18","slug":"der-anarchisterich","status":"publish","type":"post","link":"http:\/\/www.editiondaslabor.de\/blog\/2015\/04\/06\/der-anarchisterich\/","title":{"rendered":"Der Anarchisterich"},"content":{"rendered":"<p>&nbsp;<\/p>\n<p>War einst ein Anarchisterich,<\/p>\n<p>der hatt\u2019 den Attentatterich.<\/p>\n<p>Er schmiss mit Bomben um sich rum;<\/p>\n<p>es knallte nur so: bum bum bum.<\/p>\n<p>Einst kam der Anarchisterich<\/p>\n<p>an einen Schlosshof f\u00fcrstelich,<\/p>\n<p>und unter\u2019m Rock verborgen fein<\/p>\n<p>trug er ein Bombombombelein.<\/p>\n<p>&nbsp;<\/p>\n<p>Nach haus kam Serenissimus,<\/p>\n<p>sprach: Omnia nos wissimus,<\/p>\n<p>und sprach viel weise Worte noch,<\/p>\n<p>dass alles rings nach Weisheit roch.<\/p>\n<p>Jedoch der Anarchisterich<\/p>\n<p>mit seiner Bombe seitw\u00e4rts schlich<\/p>\n<p>und schmiss sie Serenissimo<\/p>\n<p>unter den Rokkokopopo.<\/p>\n<p>&nbsp;<\/p>\n<p>Und rings war alles bass entsetzt,<\/p>\n<p>Durchlaucht hat sich vor Schreck gesetzt,<\/p>\n<p>indes der Anarchisterich<\/p>\n<p>durch eine Seitenth\u00fcr entwich.<\/p>\n<p>Nur einer sprang beherzt herbei,<\/p>\n<p>zu helfen, was zu helfen sei.<\/p>\n<p>Doch sprach er bleich: Volk h\u00f6re nur,<\/p>\n<p>\u2019s ist \u2019ne Bomb \u2013 onni\u00e9re nur.<\/p>\n<p>Rings aber lag man auf dem Knie<\/p>\n<p>und heulte, jammerte und schrie<\/p>\n<p>und betete: Du lieber Gott,<\/p>\n<p>schlag\u2019 doch die Anarchisten tot!<\/p>\n<p>Drum merk dir, Anarchisterich,<\/p>\n<p>heil\u2019 dich vom Attentatterich.<\/p>\n<p>Kommst du zum Hofe f\u00fcrstelich,<\/p>\n<p>geht\u2019s f\u00fcrder dir f\u00fcr-f\u00fcrchterlich.<\/p>\n<p>&nbsp;<\/p>\n<p>&nbsp;<\/p>\n<p>&nbsp;<\/p>\n<p>&nbsp;<\/p>\n<p style=\"text-align: center;\">***<\/p>\n<p style=\"text-align: justify;\"><strong><img loading=\"lazy\" decoding=\"async\" class=\"alignleft size-full wp-image-98331\" src=\"http:\/\/www.editiondaslabor.de\/blog\/wp-content\/uploads\/2022\/02\/ErichMu\u0308hsam.jpg\" alt=\"\" width=\"239\" height=\"256\" srcset=\"http:\/\/www.editiondaslabor.de\/blog\/wp-content\/uploads\/2022\/02\/ErichMu\u0308hsam.jpg 239w, http:\/\/www.editiondaslabor.de\/blog\/wp-content\/uploads\/2022\/02\/ErichMu\u0308hsam-160x171.jpg 160w\" sizes=\"auto, (max-width: 239px) 100vw, 239px\" \/>Weiterf\u00fchrend \u2192<\/strong>\u00a0Poesie z\u00e4hlt f\u00fcr KUNO weiterhin zu den identit\u00e4ts- und identifikationstiftenden Elementen einer Kultur, dies bezeugte auch der Versuch einer <a href=\"http:\/\/www.editiondaslabor.de\/blog\/?p=25630\">poetologischen Positionsbestimmung<\/a>.<\/p>\n<p>Weitere Informationen \u00fcber Erich M\u00fchsam finden Sie <a href=\"http:\/\/www.muehsam.de\/appl\/index.php\">hier<\/a>.<\/p>\n<p class=\"hide-if-no-js\">\n","protected":false},"excerpt":{"rendered":"<p>&nbsp; War einst ein Anarchisterich, der hatt\u2019 den Attentatterich. Er schmiss mit Bomben um sich rum; es knallte nur so: bum bum bum. Einst kam der Anarchisterich an einen Schlosshof f\u00fcrstelich, und unter\u2019m Rock verborgen fein trug er ein Bombombombelein.&hellip;<\/p>\n<p class=\"more-link-p\"><a class=\"more-link\" href=\"http:\/\/www.editiondaslabor.de\/blog\/2015\/04\/06\/der-anarchisterich\/\">Read more &rarr;<\/a><\/p>\n","protected":false},"author":104,"featured_media":98331,"comment_status":"closed","ping_status":"closed","sticky":false,"template":"","format":"standard","meta":{"footnotes":""},"categories":[1],"tags":[1237],"class_list":["post-82184","post","type-post","status-publish","format-standard","has-post-thumbnail","hentry","category-literatur","tag-erich-muhsam"],"_links":{"self":[{"href":"http:\/\/www.editiondaslabor.de\/blog\/wp-json\/wp\/v2\/posts\/82184","targetHints":{"allow":["GET"]}}],"collection":[{"href":"http:\/\/www.editiondaslabor.de\/blog\/wp-json\/wp\/v2\/posts"}],"about":[{"href":"http:\/\/www.editiondaslabor.de\/blog\/wp-json\/wp\/v2\/types\/post"}],"author":[{"embeddable":true,"href":"http:\/\/www.editiondaslabor.de\/blog\/wp-json\/wp\/v2\/users\/104"}],"replies":[{"embeddable":true,"href":"http:\/\/www.editiondaslabor.de\/blog\/wp-json\/wp\/v2\/comments?post=82184"}],"version-history":[{"count":1,"href":"http:\/\/www.editiondaslabor.de\/blog\/wp-json\/wp\/v2\/posts\/82184\/revisions"}],"predecessor-version":[{"id":98337,"href":"http:\/\/www.editiondaslabor.de\/blog\/wp-json\/wp\/v2\/posts\/82184\/revisions\/98337"}],"wp:featuredmedia":[{"embeddable":true,"href":"http:\/\/www.editiondaslabor.de\/blog\/wp-json\/wp\/v2\/media\/98331"}],"wp:attachment":[{"href":"http:\/\/www.editiondaslabor.de\/blog\/wp-json\/wp\/v2\/media?parent=82184"}],"wp:term":[{"taxonomy":"category","embeddable":true,"href":"http:\/\/www.editiondaslabor.de\/blog\/wp-json\/wp\/v2\/categories?post=82184"},{"taxonomy":"post_tag","embeddable":true,"href":"http:\/\/www.editiondaslabor.de\/blog\/wp-json\/wp\/v2\/tags?post=82184"}],"curies":[{"name":"wp","href":"https:\/\/api.w.org\/{rel}","templated":true}]}}