{"id":82173,"date":"2024-04-03T00:01:43","date_gmt":"2024-04-02T22:01:43","guid":{"rendered":"http:\/\/www.editiondaslabor.de\/blog\/?p=82173"},"modified":"2024-04-03T05:14:20","modified_gmt":"2024-04-03T03:14:20","slug":"mehr-und-kehrwert","status":"publish","type":"post","link":"http:\/\/www.editiondaslabor.de\/blog\/2024\/04\/03\/mehr-und-kehrwert\/","title":{"rendered":"mehr- &amp; kehrwert"},"content":{"rendered":"<p>&nbsp;<\/p>\n<p>Sie sahn die zeit die \u00fcber sie hinwegging<\/p>\n<p>und der moment wo alles stimmte fand<\/p>\n<p>woanders statt: sie sahn das s\u00fc\u00dfe land<\/p>\n<p>auf alten karten\u00a0\u00a0\u00a0\u00a0\u00a0wu\u00dften: wer an deck ging<\/p>\n<p>&nbsp;<\/p>\n<p>der wurde nicht von gischt und sturm vertrieben<\/p>\n<p>den scheuchten schiffsjungs brauenhoch hinweg<\/p>\n<p>Das ist die h\u00e4lfte die du unter deck<\/p>\n<p>im dunkeln zubringst: abweisblicke schieben<\/p>\n<p>&nbsp;<\/p>\n<p>Und keinem ist der abstieg leicht geworden<\/p>\n<p>Sie f\u00fchlten sich gepre\u00dft in jenen orden<\/p>\n<p>im herzschrittmachertrainingsanzug: noch<\/p>\n<p>&nbsp;<\/p>\n<p>f\u00fcrs letzte hemd im zwischendeck geduldet<\/p>\n<p>so lang der himmel tr\u00fcgerisch gemuldet<\/p>\n<p>orkanmond schl\u00fcrft den springgezeitenkoch<\/p>\n<p>&nbsp;<\/p>\n<p>&nbsp;<\/p>\n<p style=\"text-align: center;\">***<\/p>\n<p style=\"text-align: justify;\"><strong>Rohlieder I \u2013 X<\/strong> von HEL, KUNO 2024<\/p>\n<p style=\"text-align: justify;\"><span style=\"letter-spacing: 0.05em;\"><a href=\"http:\/\/www.editiondaslabor.de\/blog\/wp-content\/uploads\/2018\/03\/HEL.jpeg\"><img loading=\"lazy\" decoding=\"async\" class=\"size-full wp-image-46967 alignleft\" src=\"http:\/\/www.editiondaslabor.de\/blog\/wp-content\/uploads\/2018\/03\/HEL.jpeg\" alt=\"\" width=\"150\" height=\"150\" \/><\/a>HEL ist bekannt als Herausgeber neuer Talente im \u201eliterarischen Underground\u201c und Publizist gesellschaftskritischer Lyrik sowie Essays. Nach dem Zyklus\u00a0<\/span><em style=\"letter-spacing: 0.05em;\">Zeitgef\u00e4hrten<\/em><em style=\"letter-spacing: 0.05em;\">, die<\/em><span style=\"letter-spacing: 0.05em;\"> zwischen 1977 \u2013 2008 entstanden sind, ver\u00f6ffentlicht KUNO die Reihe <\/span><i style=\"letter-spacing: 0.05em;\">Rohlieder I \u2013 X<\/i><span style=\"letter-spacing: 0.05em;\">, die dank Caroline Hartge neu ediert worden sind. In diesen Gedichten sp\u00fcrt HEL das Existenzielle im vermeintlich Banalen auf. Er hat es hat es nicht n\u00f6tig, Fiktion zu erfinden \u2026 die Fiktion existiert bereits.<\/span><\/p>\n<h5 style=\"text-align: justify;\">Weiterf\u00fchrend \u2192<\/h5>\n<p style=\"text-align: justify;\">Eine W\u00fcrdigung von HEL findet sich <a href=\"http:\/\/www.editiondaslabor.de\/blog\/?p=33276\">hier<\/a>. Eine faszinierend langer Briefwechsel zwischen Ulrich Bergmann und HEL findet sich <a href=\"http:\/\/www.editiondaslabor.de\/blog\/?p=9168\">hier<\/a>. Zur Lyrik von HEL findet sich hier ein <a href=\"http:\/\/www.editiondaslabor.de\/blog\/?p=54994\">Rezensionsessay<\/a> von Holger Benkel. Eine <a href=\"http:\/\/www.vordenker.de\/hel\/helbenntjes.htm\">H\u00f6rprobe<\/a> des Autors findet sich auf MetaPhon.<\/p>\n","protected":false},"excerpt":{"rendered":"<p>&nbsp; Sie sahn die zeit die \u00fcber sie hinwegging und der moment wo alles stimmte fand woanders statt: sie sahn das s\u00fc\u00dfe land auf alten karten\u00a0\u00a0\u00a0\u00a0\u00a0wu\u00dften: wer an deck ging &nbsp; der wurde nicht von gischt und sturm vertrieben den&hellip;<\/p>\n<p class=\"more-link-p\"><a class=\"more-link\" href=\"http:\/\/www.editiondaslabor.de\/blog\/2024\/04\/03\/mehr-und-kehrwert\/\">Read more &rarr;<\/a><\/p>\n","protected":false},"author":154,"featured_media":98916,"comment_status":"closed","ping_status":"closed","sticky":false,"template":"","format":"standard","meta":{"footnotes":""},"categories":[1],"tags":[1454],"class_list":["post-82173","post","type-post","status-publish","format-standard","has-post-thumbnail","hentry","category-literatur","tag-hel-toussaint"],"_links":{"self":[{"href":"http:\/\/www.editiondaslabor.de\/blog\/wp-json\/wp\/v2\/posts\/82173","targetHints":{"allow":["GET"]}}],"collection":[{"href":"http:\/\/www.editiondaslabor.de\/blog\/wp-json\/wp\/v2\/posts"}],"about":[{"href":"http:\/\/www.editiondaslabor.de\/blog\/wp-json\/wp\/v2\/types\/post"}],"author":[{"embeddable":true,"href":"http:\/\/www.editiondaslabor.de\/blog\/wp-json\/wp\/v2\/users\/154"}],"replies":[{"embeddable":true,"href":"http:\/\/www.editiondaslabor.de\/blog\/wp-json\/wp\/v2\/comments?post=82173"}],"version-history":[{"count":2,"href":"http:\/\/www.editiondaslabor.de\/blog\/wp-json\/wp\/v2\/posts\/82173\/revisions"}],"predecessor-version":[{"id":105376,"href":"http:\/\/www.editiondaslabor.de\/blog\/wp-json\/wp\/v2\/posts\/82173\/revisions\/105376"}],"wp:featuredmedia":[{"embeddable":true,"href":"http:\/\/www.editiondaslabor.de\/blog\/wp-json\/wp\/v2\/media\/98916"}],"wp:attachment":[{"href":"http:\/\/www.editiondaslabor.de\/blog\/wp-json\/wp\/v2\/media?parent=82173"}],"wp:term":[{"taxonomy":"category","embeddable":true,"href":"http:\/\/www.editiondaslabor.de\/blog\/wp-json\/wp\/v2\/categories?post=82173"},{"taxonomy":"post_tag","embeddable":true,"href":"http:\/\/www.editiondaslabor.de\/blog\/wp-json\/wp\/v2\/tags?post=82173"}],"curies":[{"name":"wp","href":"https:\/\/api.w.org\/{rel}","templated":true}]}}