{"id":82064,"date":"2024-05-07T00:01:40","date_gmt":"2024-05-06T22:01:40","guid":{"rendered":"http:\/\/www.editiondaslabor.de\/blog\/?p=82064"},"modified":"2022-02-23T10:43:29","modified_gmt":"2022-02-23T09:43:29","slug":"galgenbruders-lied","status":"publish","type":"post","link":"http:\/\/www.editiondaslabor.de\/blog\/2024\/05\/07\/galgenbruders-lied\/","title":{"rendered":"Galgenbruders Lied"},"content":{"rendered":"<p style=\"text-align: right;\">an Sophie, die Henkersmaid<\/p>\n<p>&nbsp;<\/p>\n<p>Sophie, mein Henkersm\u00e4del,<\/p>\n<p>komm, k\u00fcsse mir den Sch\u00e4del!<\/p>\n<p>Zwar ist mein Mund<\/p>\n<p>ein schwarzer Schlund &#8211;<\/p>\n<p>doch du bist gut und edel!<\/p>\n<p>&nbsp;<\/p>\n<p>Sophie, mein Henkersm\u00e4del,<\/p>\n<p>komm, streichle mir den Sch\u00e4del!<\/p>\n<p>Zwar ist mein Haupt<\/p>\n<p>des Haars beraubt \u2013<\/p>\n<p>doch du bist gut und edel!<\/p>\n<p>&nbsp;<\/p>\n<p>Sophie, mein Henkersm\u00e4del,<\/p>\n<p>komm, schau mir in den Sch\u00e4del!<\/p>\n<p>Die Augen zwar,<\/p>\n<p>sie fra\u00df der Aar \u2013<\/p>\n<p>doch du bist gut und edel!<\/p>\n<p>&nbsp;<\/p>\n<p>&nbsp;<\/p>\n<p style=\"text-align: center;\">***<\/p>\n<p style=\"text-align: justify;\"><strong>Galgenlieder<\/strong>, von Christian Morgenstern. Erschienen im Verlag Bruno Cassirer. Berlin 1905<\/p>\n<p style=\"text-align: justify;\"><em><a href=\"http:\/\/www.editiondaslabor.de\/blog\/wp-content\/uploads\/2029\/10\/Morgenstern-h420.jpg\"><img loading=\"lazy\" decoding=\"async\" class=\"size-medium wp-image-82047 alignleft\" src=\"http:\/\/www.editiondaslabor.de\/blog\/wp-content\/uploads\/2029\/10\/Morgenstern-h420-206x300.jpg\" alt=\"\" width=\"206\" height=\"300\" srcset=\"http:\/\/www.editiondaslabor.de\/blog\/wp-content\/uploads\/2029\/10\/Morgenstern-h420-206x300.jpg 206w, http:\/\/www.editiondaslabor.de\/blog\/wp-content\/uploads\/2029\/10\/Morgenstern-h420-260x379.jpg 260w, http:\/\/www.editiondaslabor.de\/blog\/wp-content\/uploads\/2029\/10\/Morgenstern-h420-160x233.jpg 160w, http:\/\/www.editiondaslabor.de\/blog\/wp-content\/uploads\/2029\/10\/Morgenstern-h420.jpg 288w\" sizes=\"auto, (max-width: 206px) 100vw, 206px\" \/><\/a><\/em><em>&#8222;In jedem Menschen ist ein Kind verborgen, das hei\u00dft Bildnertrieb und will als liebstes Spiel- und Ernst-Zeug nicht das bis auf den letzten Rest nachgearbeitete Miniat\u00fcr-Schiff, sondern die Walnu\u00dfschale mit der Vogelfeder als Segelmast und dem Kieselstein als Kapit\u00e4n. Das will auch in der Kunst mit-spielen, mit-schaffen d\u00fcrfen und nicht so sehr blo\u00df bewundernder Zuschauer sein. Denn dieses &#8218;Kind im Menschen&#8216; ist der unsterbliche Sch\u00f6pfer in ihm [&#8230;].&#8220;<\/em><\/p>\n<p style=\"text-align: justify;\"><strong>Weiterf\u00fchrend \u2192<\/strong>\u00a0Poesie z\u00e4hlt f\u00fcr KUNO weiterhin zu den identit\u00e4ts- und identifikationstiftenden Elementen einer Kultur, dies bezeugte auch der Versuch einer <a href=\"http:\/\/www.editiondaslabor.de\/blog\/?p=25630\">poetologischen Positionsbestimmung<\/a>.<\/p>\n","protected":false},"excerpt":{"rendered":"<p>an Sophie, die Henkersmaid &nbsp; Sophie, mein Henkersm\u00e4del, komm, k\u00fcsse mir den Sch\u00e4del! Zwar ist mein Mund ein schwarzer Schlund &#8211; doch du bist gut und edel! &nbsp; Sophie, mein Henkersm\u00e4del, komm, streichle mir den Sch\u00e4del! Zwar ist mein Haupt&hellip;<\/p>\n<p class=\"more-link-p\"><a class=\"more-link\" href=\"http:\/\/www.editiondaslabor.de\/blog\/2024\/05\/07\/galgenbruders-lied\/\">Read more &rarr;<\/a><\/p>\n","protected":false},"author":220,"featured_media":99780,"comment_status":"closed","ping_status":"closed","sticky":false,"template":"","format":"standard","meta":{"footnotes":""},"categories":[1],"tags":[2891],"class_list":["post-82064","post","type-post","status-publish","format-standard","has-post-thumbnail","hentry","category-literatur","tag-christian-morgenstern"],"_links":{"self":[{"href":"http:\/\/www.editiondaslabor.de\/blog\/wp-json\/wp\/v2\/posts\/82064","targetHints":{"allow":["GET"]}}],"collection":[{"href":"http:\/\/www.editiondaslabor.de\/blog\/wp-json\/wp\/v2\/posts"}],"about":[{"href":"http:\/\/www.editiondaslabor.de\/blog\/wp-json\/wp\/v2\/types\/post"}],"author":[{"embeddable":true,"href":"http:\/\/www.editiondaslabor.de\/blog\/wp-json\/wp\/v2\/users\/220"}],"replies":[{"embeddable":true,"href":"http:\/\/www.editiondaslabor.de\/blog\/wp-json\/wp\/v2\/comments?post=82064"}],"version-history":[{"count":1,"href":"http:\/\/www.editiondaslabor.de\/blog\/wp-json\/wp\/v2\/posts\/82064\/revisions"}],"predecessor-version":[{"id":99781,"href":"http:\/\/www.editiondaslabor.de\/blog\/wp-json\/wp\/v2\/posts\/82064\/revisions\/99781"}],"wp:featuredmedia":[{"embeddable":true,"href":"http:\/\/www.editiondaslabor.de\/blog\/wp-json\/wp\/v2\/media\/99780"}],"wp:attachment":[{"href":"http:\/\/www.editiondaslabor.de\/blog\/wp-json\/wp\/v2\/media?parent=82064"}],"wp:term":[{"taxonomy":"category","embeddable":true,"href":"http:\/\/www.editiondaslabor.de\/blog\/wp-json\/wp\/v2\/categories?post=82064"},{"taxonomy":"post_tag","embeddable":true,"href":"http:\/\/www.editiondaslabor.de\/blog\/wp-json\/wp\/v2\/tags?post=82064"}],"curies":[{"name":"wp","href":"https:\/\/api.w.org\/{rel}","templated":true}]}}