{"id":81815,"date":"2024-11-07T00:01:44","date_gmt":"2024-11-06T23:01:44","guid":{"rendered":"http:\/\/www.editiondaslabor.de\/blog\/?p=81815"},"modified":"2022-02-21T16:25:12","modified_gmt":"2022-02-21T15:25:12","slug":"georg-trakl-erlag-im-krieg","status":"publish","type":"post","link":"http:\/\/www.editiondaslabor.de\/blog\/2024\/11\/07\/georg-trakl-erlag-im-krieg\/","title":{"rendered":"Georg Trakl erlag im Krieg"},"content":{"rendered":"<p>&nbsp;<\/p>\n<p>&nbsp;<\/p>\n<p>Georg Trakl erlag im Krieg von eigener Hand gef\u00e4llt.<br \/>\nSo einsam war es in der Welt. Ich hatt ihn lieb.<\/p>\n<p>&nbsp;<\/p>\n<p>&nbsp;<\/p>\n<p>&nbsp;<\/p>\n<p>&nbsp;<\/p>\n<p><a title=\"Vorlage\" href=\"http:\/\/www.zeno.org\/Literatur\/L\/Trakl-DW\" name=\"14\"><\/a><\/p>\n<p style=\"text-align: center;\">***<\/p>\n<p style=\"text-align: justify;\"><a href=\"http:\/\/www.editiondaslabor.de\/blog\/wp-content\/uploads\/2014\/11\/GeorgTrakl-e1617436834842.jpg\"><img loading=\"lazy\" decoding=\"async\" class=\"size-medium wp-image-81819 alignleft\" src=\"http:\/\/www.editiondaslabor.de\/blog\/wp-content\/uploads\/2014\/11\/GeorgTrakl-217x300.jpg\" alt=\"\" width=\"217\" height=\"300\" \/><\/a><em>Die Gedichte von Georg Trakl waren als Ereignis so gro\u00df und umfassend, dass ich es zun\u00e4chst kaum verstehen konnte. Zwei N\u00e4chte lang schlief ich kaum, um alles \u00fcber den Heeresapotheker, Morphinisten und Opiumesser aus Salzburg zu lesen.<\/em><\/p>\n<p style=\"text-align: right;\">Lutz Seiler<\/p>\n<p>Eine Ann\u00e4herung von Peter Paul Wiplinger an Georg Trakl finden Sie<i><\/i><i><\/i><i>\u00a0<a href=\"http:\/\/www.editiondaslabor.de\/blog\/?p=23505&amp;preview=true\">hier<\/a>.<\/i><\/p>\n<p>&nbsp;<\/p>\n","protected":false},"excerpt":{"rendered":"<p>&nbsp; &nbsp; Georg Trakl erlag im Krieg von eigener Hand gef\u00e4llt. So einsam war es in der Welt. Ich hatt ihn lieb. &nbsp; &nbsp; &nbsp; &nbsp; *** Die Gedichte von Georg Trakl waren als Ereignis so gro\u00df und umfassend, dass&hellip;<\/p>\n<p class=\"more-link-p\"><a class=\"more-link\" href=\"http:\/\/www.editiondaslabor.de\/blog\/2024\/11\/07\/georg-trakl-erlag-im-krieg\/\">Read more &rarr;<\/a><\/p>\n","protected":false},"author":180,"featured_media":98108,"comment_status":"closed","ping_status":"closed","sticky":false,"template":"","format":"standard","meta":{"footnotes":""},"categories":[1],"tags":[2738,1498],"class_list":["post-81815","post","type-post","status-publish","format-standard","has-post-thumbnail","hentry","category-literatur","tag-else-lasker-schueler","tag-georg-trakl"],"_links":{"self":[{"href":"http:\/\/www.editiondaslabor.de\/blog\/wp-json\/wp\/v2\/posts\/81815","targetHints":{"allow":["GET"]}}],"collection":[{"href":"http:\/\/www.editiondaslabor.de\/blog\/wp-json\/wp\/v2\/posts"}],"about":[{"href":"http:\/\/www.editiondaslabor.de\/blog\/wp-json\/wp\/v2\/types\/post"}],"author":[{"embeddable":true,"href":"http:\/\/www.editiondaslabor.de\/blog\/wp-json\/wp\/v2\/users\/180"}],"replies":[{"embeddable":true,"href":"http:\/\/www.editiondaslabor.de\/blog\/wp-json\/wp\/v2\/comments?post=81815"}],"version-history":[{"count":1,"href":"http:\/\/www.editiondaslabor.de\/blog\/wp-json\/wp\/v2\/posts\/81815\/revisions"}],"predecessor-version":[{"id":99276,"href":"http:\/\/www.editiondaslabor.de\/blog\/wp-json\/wp\/v2\/posts\/81815\/revisions\/99276"}],"wp:featuredmedia":[{"embeddable":true,"href":"http:\/\/www.editiondaslabor.de\/blog\/wp-json\/wp\/v2\/media\/98108"}],"wp:attachment":[{"href":"http:\/\/www.editiondaslabor.de\/blog\/wp-json\/wp\/v2\/media?parent=81815"}],"wp:term":[{"taxonomy":"category","embeddable":true,"href":"http:\/\/www.editiondaslabor.de\/blog\/wp-json\/wp\/v2\/categories?post=81815"},{"taxonomy":"post_tag","embeddable":true,"href":"http:\/\/www.editiondaslabor.de\/blog\/wp-json\/wp\/v2\/tags?post=81815"}],"curies":[{"name":"wp","href":"https:\/\/api.w.org\/{rel}","templated":true}]}}