{"id":81801,"date":"2017-01-22T00:01:33","date_gmt":"2017-01-21T23:01:33","guid":{"rendered":"http:\/\/www.editiondaslabor.de\/blog\/?p=81801"},"modified":"2021-04-03T09:36:05","modified_gmt":"2021-04-03T07:36:05","slug":"dasein","status":"publish","type":"post","link":"http:\/\/www.editiondaslabor.de\/blog\/2017\/01\/22\/dasein\/","title":{"rendered":"Dasein"},"content":{"rendered":"<p style=\"text-align: right\"><small>(Eugen von Go\u00dfler)<\/small><\/p>\n<p>&nbsp;<\/p>\n<p>Hatte wogendes Nachthaar,<\/p>\n<p>Liegt lange schon wo begraben.<\/p>\n<p>Hatte Augen wie B\u00e4che klar,<\/p>\n<p>Bevor die Tr\u00fcbsal mein Gast war,<\/p>\n<p>Hatte H\u00e4nde muschelrotwei\u00df,<\/p>\n<p>Aber die Arbeit verzehrte ihr Wei\u00df.<\/p>\n<p>Und einmal kommt der Letzte,<\/p>\n<p>Der senkt den hohlen Blick<\/p>\n<p>Nach meines Leibes Verg\u00e4nglichkeit<\/p>\n<p>Und wirft von mir alles Sterben.<\/p>\n<p>Und es atmet meine Seele auf<\/p>\n<p>Und trinkt das Ewige.<\/p>\n<p>&nbsp;<\/p>\n<p>&nbsp;<\/p>\n<p>&nbsp;<\/p>\n<p>&nbsp;<\/p>\n<p style=\"text-align: center\">***<\/p>\n<div id=\"attachment_75724\" style=\"width: 197px\" class=\"wp-caption alignright\"><a href=\"http:\/\/www.editiondaslabor.de\/blog\/wp-content\/uploads\/2009\/03\/Else_Lasker-Schueler.jpg\"><img loading=\"lazy\" decoding=\"async\" aria-describedby=\"caption-attachment-75724\" class=\"size-medium wp-image-75724\" src=\"http:\/\/www.editiondaslabor.de\/blog\/wp-content\/uploads\/2009\/03\/Else_Lasker-Schueler-187x300.jpg\" alt=\"\" width=\"187\" height=\"300\" srcset=\"http:\/\/www.editiondaslabor.de\/blog\/wp-content\/uploads\/2009\/03\/Else_Lasker-Schueler-187x300.jpg 187w, http:\/\/www.editiondaslabor.de\/blog\/wp-content\/uploads\/2009\/03\/Else_Lasker-Schueler-260x417.jpg 260w, http:\/\/www.editiondaslabor.de\/blog\/wp-content\/uploads\/2009\/03\/Else_Lasker-Schueler-160x256.jpg 160w, http:\/\/www.editiondaslabor.de\/blog\/wp-content\/uploads\/2009\/03\/Else_Lasker-Schueler.jpg 440w\" sizes=\"auto, (max-width: 187px) 100vw, 187px\" \/><\/a><p id=\"caption-attachment-75724\" class=\"wp-caption-text\">Else Lasker-Sch\u00fcler aka Prinz Yussuf (1912)<\/p><\/div>\n<div class=\"mod\" lang=\"de-DE\" data-md=\"61\">\n<div class=\"LGOjhe\" style=\"text-align: justify\" role=\"heading\" data-attrid=\"wa:\/description\" data-hveid=\"CA0QAA\"><span class=\"ILfuVd\"><span class=\"hgKElc\">\u201eDie gr\u00f6\u00dfte Lyrikerin, die Deutschland je hatte\u201c, sagte Gottfried Benn \u00fcber Else Lasker-Sch\u00fcler. Sie bewegte sich wie eine M\u00e4rchenfigur durch Berlin und fiel mit ihrer exzentrischen Erscheinung auf. <\/span><\/span><\/div>\n<div class=\"LGOjhe\" style=\"text-align: justify\" role=\"heading\" data-attrid=\"wa:\/description\" data-hveid=\"CA0QAA\">Else Lasker-Sch\u00fcler wurde geboren am 11. Februar 1869 in Elberfeld. Sie starb am\u00a022.1.1945 in Jerusalem.<\/div>\n<\/div>\n<p style=\"text-align: justify\"><strong>Weiterf\u00fchrend\u00a0<\/strong><strong>\u2192\u00a0<\/strong><\/p>\n<p style=\"text-align: justify\">KUNO w\u00fcrdigte die Poetin mit einem <a href=\"http:\/\/www.editiondaslabor.de\/blog\/?p=80975\">Rezensionsessay<\/a>.\u00a0Poesie z\u00e4hlt f\u00fcr die <em>Kulturnotizen<\/em> weiterhin zu den wichtigsten identit\u00e4ts- und identifikationstiftenden Elementen einer Kultur, dies bezeugte auch der Versuch einer <a href=\"http:\/\/www.editiondaslabor.de\/blog\/?p=25630\">poetologischen Positionsbestimmung<\/a>.<\/p>\n","protected":false},"excerpt":{"rendered":"<p>(Eugen von Go\u00dfler) &nbsp; Hatte wogendes Nachthaar, Liegt lange schon wo begraben. Hatte Augen wie B\u00e4che klar, Bevor die Tr\u00fcbsal mein Gast war, Hatte H\u00e4nde muschelrotwei\u00df, Aber die Arbeit verzehrte ihr Wei\u00df. Und einmal kommt der Letzte, Der senkt den&hellip;<\/p>\n<p class=\"more-link-p\"><a class=\"more-link\" href=\"http:\/\/www.editiondaslabor.de\/blog\/2017\/01\/22\/dasein\/\">Read more &rarr;<\/a><\/p>\n","protected":false},"author":180,"featured_media":75724,"comment_status":"closed","ping_status":"closed","sticky":false,"template":"","format":"standard","meta":{"footnotes":""},"categories":[1],"tags":[2738],"class_list":["post-81801","post","type-post","status-publish","format-standard","has-post-thumbnail","hentry","category-literatur","tag-else-lasker-schueler"],"_links":{"self":[{"href":"http:\/\/www.editiondaslabor.de\/blog\/wp-json\/wp\/v2\/posts\/81801","targetHints":{"allow":["GET"]}}],"collection":[{"href":"http:\/\/www.editiondaslabor.de\/blog\/wp-json\/wp\/v2\/posts"}],"about":[{"href":"http:\/\/www.editiondaslabor.de\/blog\/wp-json\/wp\/v2\/types\/post"}],"author":[{"embeddable":true,"href":"http:\/\/www.editiondaslabor.de\/blog\/wp-json\/wp\/v2\/users\/180"}],"replies":[{"embeddable":true,"href":"http:\/\/www.editiondaslabor.de\/blog\/wp-json\/wp\/v2\/comments?post=81801"}],"version-history":[{"count":0,"href":"http:\/\/www.editiondaslabor.de\/blog\/wp-json\/wp\/v2\/posts\/81801\/revisions"}],"wp:featuredmedia":[{"embeddable":true,"href":"http:\/\/www.editiondaslabor.de\/blog\/wp-json\/"}],"wp:attachment":[{"href":"http:\/\/www.editiondaslabor.de\/blog\/wp-json\/wp\/v2\/media?parent=81801"}],"wp:term":[{"taxonomy":"category","embeddable":true,"href":"http:\/\/www.editiondaslabor.de\/blog\/wp-json\/wp\/v2\/categories?post=81801"},{"taxonomy":"post_tag","embeddable":true,"href":"http:\/\/www.editiondaslabor.de\/blog\/wp-json\/wp\/v2\/tags?post=81801"}],"curies":[{"name":"wp","href":"https:\/\/api.w.org\/{rel}","templated":true}]}}