{"id":81795,"date":"1995-01-22T00:01:35","date_gmt":"1995-01-21T23:01:35","guid":{"rendered":"http:\/\/www.editiondaslabor.de\/blog\/?p=81795"},"modified":"2022-02-17T20:12:10","modified_gmt":"2022-02-17T19:12:10","slug":"zeitzeichen-vor-50-jahren-starb-else-lasker-schueler","status":"publish","type":"post","link":"http:\/\/www.editiondaslabor.de\/blog\/1995\/01\/22\/zeitzeichen-vor-50-jahren-starb-else-lasker-schueler\/","title":{"rendered":"Zeitzeichen: Vor 50 Jahren starb Else Lasker-Sch\u00fcler"},"content":{"rendered":"<p>&nbsp;<\/p>\n<p>&nbsp;<\/p>\n<p style=\"text-align: justify;\">Dies war die gr\u00f6\u00dfte Lyrikerin, die Deutschland je hatte \u2026 Ihre Themen waren j\u00fcdisch; ihre Phantasie orientalisch, aber ihre Sprache war deutsch, ein \u00fcppiges, prunkvolles, zartes Deutsch, eine Sprache reif und s\u00fc\u00df, in jeder Wendung dem Kern des Sch\u00f6pferischen entsprossen. Immer unbeirrbar sie selbst, fantastisch sich selbst verschworen, feindlich allem Satten, Sicheren, Netten, vermochte sie in dieser Sprache ihre leidenschaftlichen Gef\u00fchle auszudr\u00fccken, ohne das Geheimnisvolle zu entschleiern und zu vergeben, das ihr Wesen war.<\/p>\n<p style=\"text-align: right;\">Gottfried Benn<\/p>\n<p>&nbsp;<\/p>\n<p>&nbsp;<\/p>\n<p style=\"text-align: center;\">***<\/p>\n<div class=\"mod\" lang=\"de-DE\" style=\"text-align: justify;\" data-md=\"61\">\n<div class=\"LGOjhe\" role=\"heading\" data-attrid=\"wa:\/description\" data-hveid=\"CA0QAA\">\n<div id=\"attachment_81790\" style=\"width: 288px\" class=\"wp-caption alignright\"><a href=\"http:\/\/www.editiondaslabor.de\/blog\/wp-content\/uploads\/2023\/02\/Else_Lasker-Schu\u0308ler-e1617433306866.jpg\"><img loading=\"lazy\" decoding=\"async\" aria-describedby=\"caption-attachment-81790\" class=\"wp-image-81790 size-full\" src=\"http:\/\/www.editiondaslabor.de\/blog\/wp-content\/uploads\/2023\/02\/Else_Lasker-Schu\u0308ler-e1617433306866.jpg\" alt=\"\" width=\"278\" height=\"431\" \/><\/a><p id=\"caption-attachment-81790\" class=\"wp-caption-text\">Else Lasker-Sch\u00fcler an ihrem 50. Geburtstag. Quelle: National Library of Israel, Schwadron collection<\/p><\/div>\n<p>Nach einem Herzanfall am 16. Januar starb Else Lasker-Sch\u00fcler am 22.1.1945. Sie wurde auf dem \u00d6lberg in Jerusalem begraben. Nachdem der \u00d6lberg bei der Teilung Jerusalems 1948 unter jordanische Verwaltung gekommen war, wurde Lasker-Sch\u00fclers Grab, wie viele andere historische Gr\u00e4ber auch, zerst\u00f6rt. Der von Leopold Krakauer geschaffene Grabstein wurde nach der israelischen Eroberung Ostjerusalems im Sechstagekrieg neben einer Schnellstra\u00dfe gefunden, welche die jordanische Verwaltung 1960 quer durch den jahrtausendealten j\u00fcdischen Friedhof hatte bauen lassen. 1975 wurde der Grabstein an seinem heutigen Ort aufgestellt.<\/p>\n<\/div>\n<\/div>\n<p style=\"text-align: justify;\"><strong>Weiterf\u00fchrend\u00a0<\/strong><strong>\u2192\u00a0<\/strong><\/p>\n<p style=\"text-align: justify;\">KUNO w\u00fcrdigte die Poetin mit einem <a href=\"http:\/\/www.editiondaslabor.de\/blog\/?p=80975\">Rezensionsessay<\/a>.\u00a0Poesie z\u00e4hlt f\u00fcr die <em>Kulturnotizen<\/em> weiterhin zu den wichtigsten identit\u00e4ts- und identifikationstiftenden Elementen einer Kultur, dies bezeugte auch der Versuch einer <a href=\"http:\/\/www.editiondaslabor.de\/blog\/?p=25630\">poetologischen Positionsbestimmung<\/a>.<\/p>\n","protected":false},"excerpt":{"rendered":"<p>&nbsp; &nbsp; Dies war die gr\u00f6\u00dfte Lyrikerin, die Deutschland je hatte \u2026 Ihre Themen waren j\u00fcdisch; ihre Phantasie orientalisch, aber ihre Sprache war deutsch, ein \u00fcppiges, prunkvolles, zartes Deutsch, eine Sprache reif und s\u00fc\u00df, in jeder Wendung dem Kern des&hellip;<\/p>\n<p class=\"more-link-p\"><a class=\"more-link\" href=\"http:\/\/www.editiondaslabor.de\/blog\/1995\/01\/22\/zeitzeichen-vor-50-jahren-starb-else-lasker-schueler\/\">Read more &rarr;<\/a><\/p>\n","protected":false},"author":2,"featured_media":98108,"comment_status":"closed","ping_status":"closed","sticky":false,"template":"","format":"standard","meta":{"footnotes":""},"categories":[1],"tags":[2738],"class_list":["post-81795","post","type-post","status-publish","format-standard","has-post-thumbnail","hentry","category-literatur","tag-else-lasker-schueler"],"_links":{"self":[{"href":"http:\/\/www.editiondaslabor.de\/blog\/wp-json\/wp\/v2\/posts\/81795","targetHints":{"allow":["GET"]}}],"collection":[{"href":"http:\/\/www.editiondaslabor.de\/blog\/wp-json\/wp\/v2\/posts"}],"about":[{"href":"http:\/\/www.editiondaslabor.de\/blog\/wp-json\/wp\/v2\/types\/post"}],"author":[{"embeddable":true,"href":"http:\/\/www.editiondaslabor.de\/blog\/wp-json\/wp\/v2\/users\/2"}],"replies":[{"embeddable":true,"href":"http:\/\/www.editiondaslabor.de\/blog\/wp-json\/wp\/v2\/comments?post=81795"}],"version-history":[{"count":1,"href":"http:\/\/www.editiondaslabor.de\/blog\/wp-json\/wp\/v2\/posts\/81795\/revisions"}],"predecessor-version":[{"id":98109,"href":"http:\/\/www.editiondaslabor.de\/blog\/wp-json\/wp\/v2\/posts\/81795\/revisions\/98109"}],"wp:featuredmedia":[{"embeddable":true,"href":"http:\/\/www.editiondaslabor.de\/blog\/wp-json\/wp\/v2\/media\/98108"}],"wp:attachment":[{"href":"http:\/\/www.editiondaslabor.de\/blog\/wp-json\/wp\/v2\/media?parent=81795"}],"wp:term":[{"taxonomy":"category","embeddable":true,"href":"http:\/\/www.editiondaslabor.de\/blog\/wp-json\/wp\/v2\/categories?post=81795"},{"taxonomy":"post_tag","embeddable":true,"href":"http:\/\/www.editiondaslabor.de\/blog\/wp-json\/wp\/v2\/tags?post=81795"}],"curies":[{"name":"wp","href":"https:\/\/api.w.org\/{rel}","templated":true}]}}