{"id":81762,"date":"2019-01-22T00:01:23","date_gmt":"2019-01-21T23:01:23","guid":{"rendered":"http:\/\/www.editiondaslabor.de\/blog\/?p=81762"},"modified":"2021-04-03T10:11:27","modified_gmt":"2021-04-03T08:11:27","slug":"die-koenigin","status":"publish","type":"post","link":"http:\/\/www.editiondaslabor.de\/blog\/2019\/01\/22\/die-koenigin\/","title":{"rendered":"Die K\u00f6nigin"},"content":{"rendered":"<p>&nbsp;<\/p>\n<div class=\"poem\">\n<p style=\"text-align: right;\"><small>(F\u00fcr Kete Parsenow)<\/small><\/p>\n<p>Du bist das Wunder im Land,<\/p>\n<p>Rosen\u00f6l flie\u00dft unter deiner Haut,<\/p>\n<p>&nbsp;<\/p>\n<p>Vom Gegold deiner Haare<\/p>\n<p>Nippen Tr\u00e4ume;<\/p>\n<p><span style=\"letter-spacing: 0.05em;\">Ihre Deutungen verk\u00fcnden Dichter.<\/span><\/p>\n<p>&nbsp;<\/p>\n<p>Du bist dunkel vor Gold \u2013<\/p>\n<p>Auf deinem Antlitz erwachen<\/p>\n<p>Die N\u00e4chte der Liebenden.<\/p>\n<p>&nbsp;<\/p>\n<p>Ein Lied bist du<\/p>\n<p><span style=\"letter-spacing: 0.05em;\">Gestickt auf Blondgrund,<\/span><\/p>\n<p>Du stehst im Mond \u2026<\/p>\n<p>&nbsp;<\/p>\n<p>Immer wiegen dich<\/p>\n<p>Die Bambusweiden.<\/p>\n<\/div>\n<p>&nbsp;<\/p>\n<p>&nbsp;<\/p>\n<p>&nbsp;<\/p>\n<p style=\"text-align: center;\">***<\/p>\n<div id=\"attachment_75724\" style=\"width: 197px\" class=\"wp-caption alignright\"><a href=\"http:\/\/www.editiondaslabor.de\/blog\/wp-content\/uploads\/2009\/03\/Else_Lasker-Schueler.jpg\"><img loading=\"lazy\" decoding=\"async\" aria-describedby=\"caption-attachment-75724\" class=\"size-medium wp-image-75724\" src=\"http:\/\/www.editiondaslabor.de\/blog\/wp-content\/uploads\/2009\/03\/Else_Lasker-Schueler-187x300.jpg\" alt=\"\" width=\"187\" height=\"300\" srcset=\"http:\/\/www.editiondaslabor.de\/blog\/wp-content\/uploads\/2009\/03\/Else_Lasker-Schueler-187x300.jpg 187w, http:\/\/www.editiondaslabor.de\/blog\/wp-content\/uploads\/2009\/03\/Else_Lasker-Schueler-260x417.jpg 260w, http:\/\/www.editiondaslabor.de\/blog\/wp-content\/uploads\/2009\/03\/Else_Lasker-Schueler-160x256.jpg 160w, http:\/\/www.editiondaslabor.de\/blog\/wp-content\/uploads\/2009\/03\/Else_Lasker-Schueler.jpg 440w\" sizes=\"auto, (max-width: 187px) 100vw, 187px\" \/><\/a><p id=\"caption-attachment-75724\" class=\"wp-caption-text\">Else Lasker-Sch\u00fcler aka Prinz Yussuf (1912)<\/p><\/div>\n<div class=\"mod\" lang=\"de-DE\" data-md=\"61\">\n<div class=\"LGOjhe\" style=\"text-align: justify;\" role=\"heading\" data-attrid=\"wa:\/description\" data-hveid=\"CA0QAA\"><span class=\"ILfuVd\"><span class=\"hgKElc\">\u201eDie gr\u00f6\u00dfte Lyrikerin, die Deutschland je hatte\u201c, sagte Gottfried Benn \u00fcber Else Lasker-Sch\u00fcler. Sie bewegte sich wie eine M\u00e4rchenfigur durch Berlin und fiel mit ihrer exzentrischen Erscheinung auf. <\/span><\/span><\/div>\n<div class=\"LGOjhe\" style=\"text-align: justify;\" role=\"heading\" data-attrid=\"wa:\/description\" data-hveid=\"CA0QAA\">Else Lasker-Sch\u00fcler wurde geboren am 11. Februar 1869 in Elberfeld. Sie starb am\u00a022.1.1945 in Jerusalem.<\/div>\n<\/div>\n<p style=\"text-align: justify;\"><strong>Weiterf\u00fchrend\u00a0<\/strong><strong>\u2192\u00a0<\/strong><\/p>\n<p style=\"text-align: justify;\">KUNO w\u00fcrdigte die Poetin mit einem <a href=\"http:\/\/www.editiondaslabor.de\/blog\/?p=80975\">Rezensionsessay<\/a>.\u00a0Poesie z\u00e4hlt f\u00fcr die <em>Kulturnotizen<\/em> weiterhin zu den wichtigsten identit\u00e4ts- und identifikationstiftenden Elementen einer Kultur, dies bezeugte auch der Versuch einer <a href=\"http:\/\/www.editiondaslabor.de\/blog\/?p=25630\">poetologischen Positionsbestimmung<\/a>.V<\/p>\n","protected":false},"excerpt":{"rendered":"<p>&nbsp; (F\u00fcr Kete Parsenow) Du bist das Wunder im Land, Rosen\u00f6l flie\u00dft unter deiner Haut, &nbsp; Vom Gegold deiner Haare Nippen Tr\u00e4ume; Ihre Deutungen verk\u00fcnden Dichter. &nbsp; Du bist dunkel vor Gold \u2013 Auf deinem Antlitz erwachen Die N\u00e4chte der&hellip;<\/p>\n<p class=\"more-link-p\"><a class=\"more-link\" href=\"http:\/\/www.editiondaslabor.de\/blog\/2019\/01\/22\/die-koenigin\/\">Read more &rarr;<\/a><\/p>\n","protected":false},"author":180,"featured_media":75724,"comment_status":"closed","ping_status":"closed","sticky":false,"template":"","format":"standard","meta":{"footnotes":""},"categories":[1],"tags":[2738],"class_list":["post-81762","post","type-post","status-publish","format-standard","has-post-thumbnail","hentry","category-literatur","tag-else-lasker-schueler"],"_links":{"self":[{"href":"http:\/\/www.editiondaslabor.de\/blog\/wp-json\/wp\/v2\/posts\/81762","targetHints":{"allow":["GET"]}}],"collection":[{"href":"http:\/\/www.editiondaslabor.de\/blog\/wp-json\/wp\/v2\/posts"}],"about":[{"href":"http:\/\/www.editiondaslabor.de\/blog\/wp-json\/wp\/v2\/types\/post"}],"author":[{"embeddable":true,"href":"http:\/\/www.editiondaslabor.de\/blog\/wp-json\/wp\/v2\/users\/180"}],"replies":[{"embeddable":true,"href":"http:\/\/www.editiondaslabor.de\/blog\/wp-json\/wp\/v2\/comments?post=81762"}],"version-history":[{"count":0,"href":"http:\/\/www.editiondaslabor.de\/blog\/wp-json\/wp\/v2\/posts\/81762\/revisions"}],"wp:featuredmedia":[{"embeddable":true,"href":"http:\/\/www.editiondaslabor.de\/blog\/wp-json\/"}],"wp:attachment":[{"href":"http:\/\/www.editiondaslabor.de\/blog\/wp-json\/wp\/v2\/media?parent=81762"}],"wp:term":[{"taxonomy":"category","embeddable":true,"href":"http:\/\/www.editiondaslabor.de\/blog\/wp-json\/wp\/v2\/categories?post=81762"},{"taxonomy":"post_tag","embeddable":true,"href":"http:\/\/www.editiondaslabor.de\/blog\/wp-json\/wp\/v2\/tags?post=81762"}],"curies":[{"name":"wp","href":"https:\/\/api.w.org\/{rel}","templated":true}]}}