{"id":81703,"date":"1995-02-11T00:01:50","date_gmt":"1995-02-10T23:01:50","guid":{"rendered":"http:\/\/www.editiondaslabor.de\/blog\/?p=81703"},"modified":"2021-04-02T18:55:18","modified_gmt":"2021-04-02T16:55:18","slug":"leise-sagen","status":"publish","type":"post","link":"http:\/\/www.editiondaslabor.de\/blog\/1995\/02\/11\/leise-sagen\/","title":{"rendered":"Leise sagen \u2013"},"content":{"rendered":"<p>&nbsp;<\/p>\n<p>Du nahmst dir alle Sterne<\/p>\n<p>\u00dcber meinem Herzen.<\/p>\n<p>&nbsp;<\/p>\n<p>Meine Gedanken kr\u00e4useln sich,<\/p>\n<p>Ich mu\u00df tanzen.<\/p>\n<p>&nbsp;<\/p>\n<p>Immer tust du das, was mich aufschauen l\u00e4\u00dft,<\/p>\n<p>Mein Leben zu m\u00fcden.<\/p>\n<p>&nbsp;<\/p>\n<p>Ich kann den Abend nicht mehr<\/p>\n<p>\u00dcber die Hecken tragen.<\/p>\n<p>&nbsp;<\/p>\n<p>Im Spiegel der B\u00e4che<\/p>\n<p>Finde ich mein Bild nicht mehr<\/p>\n<p>&nbsp;<\/p>\n<p>Dem Erzengel hast du<\/p>\n<p>Die schwebenden Augen gestohlen.<\/p>\n<p>&nbsp;<\/p>\n<p>Aber ich nasche vom Seim<\/p>\n<p>Ihrer Bl\u00e4ue.<\/p>\n<p>&nbsp;<\/p>\n<p>Mein Herz geht langsam unter<\/p>\n<p>Ich wei\u00df nicht wo \u2013<\/p>\n<p>&nbsp;<\/p>\n<p>Vielleicht in deiner Hand.<\/p>\n<p>\u00dcberall greift sie an mein Gewebe.<\/p>\n<p>&nbsp;<\/p>\n<p>&nbsp;<\/p>\n<p>&nbsp;<\/p>\n<p style=\"text-align: center\">***<\/p>\n<div id=\"attachment_75724\" style=\"width: 197px\" class=\"wp-caption alignright\"><a href=\"http:\/\/www.editiondaslabor.de\/blog\/wp-content\/uploads\/2009\/03\/Else_Lasker-Schueler.jpg\"><img loading=\"lazy\" decoding=\"async\" aria-describedby=\"caption-attachment-75724\" class=\"size-medium wp-image-75724\" src=\"http:\/\/www.editiondaslabor.de\/blog\/wp-content\/uploads\/2009\/03\/Else_Lasker-Schueler-187x300.jpg\" alt=\"\" width=\"187\" height=\"300\" srcset=\"http:\/\/www.editiondaslabor.de\/blog\/wp-content\/uploads\/2009\/03\/Else_Lasker-Schueler-187x300.jpg 187w, http:\/\/www.editiondaslabor.de\/blog\/wp-content\/uploads\/2009\/03\/Else_Lasker-Schueler-260x417.jpg 260w, http:\/\/www.editiondaslabor.de\/blog\/wp-content\/uploads\/2009\/03\/Else_Lasker-Schueler-160x256.jpg 160w, http:\/\/www.editiondaslabor.de\/blog\/wp-content\/uploads\/2009\/03\/Else_Lasker-Schueler.jpg 440w\" sizes=\"auto, (max-width: 187px) 100vw, 187px\" \/><\/a><p id=\"caption-attachment-75724\" class=\"wp-caption-text\">Else Lasker-Sch\u00fcler aka Prinz Yussuf (1912)<\/p><\/div>\n<div class=\"mod\" lang=\"de-DE\" data-md=\"61\">\n<div class=\"LGOjhe\" style=\"text-align: justify\" role=\"heading\" data-attrid=\"wa:\/description\" data-hveid=\"CA0QAA\"><span class=\"ILfuVd\"><span class=\"hgKElc\">\u201eDie gr\u00f6\u00dfte Lyrikerin, die Deutschland je hatte\u201c, sagte Gottfried Benn \u00fcber Else Lasker-Sch\u00fcler. Sie bewegte sich wie eine M\u00e4rchenfigur durch Berlin und fiel mit ihrer exzentrischen Erscheinung auf. <\/span><\/span><\/div>\n<div class=\"LGOjhe\" style=\"text-align: justify\" role=\"heading\" data-attrid=\"wa:\/description\" data-hveid=\"CA0QAA\">Else Lasker-Sch\u00fcler wurde geboren am 11. Februar 1869 in Elberfeld. Sie starb am\u00a022.1.1945 in Jerusalem.<\/div>\n<\/div>\n<p style=\"text-align: justify\"><strong>Weiterf\u00fchrend\u00a0<\/strong><strong>\u2192\u00a0<\/strong><\/p>\n<p style=\"text-align: justify\">KUNO w\u00fcrdigte die Poetin mit einem <a href=\"http:\/\/www.editiondaslabor.de\/blog\/?p=80975\">Rezensionsessay<\/a>.\u00a0Poesie z\u00e4hlt f\u00fcr die <em>Kulturnotizen<\/em> weiterhin zu den wichtigsten identit\u00e4ts- und identifikationstiftenden Elementen einer Kultur, dies bezeugte auch der Versuch einer <a href=\"http:\/\/www.editiondaslabor.de\/blog\/?p=25630\">poetologischen Positionsbestimmung<\/a>.<\/p>\n","protected":false},"excerpt":{"rendered":"<p>&nbsp; Du nahmst dir alle Sterne \u00dcber meinem Herzen. &nbsp; Meine Gedanken kr\u00e4useln sich, Ich mu\u00df tanzen. &nbsp; Immer tust du das, was mich aufschauen l\u00e4\u00dft, Mein Leben zu m\u00fcden. &nbsp; Ich kann den Abend nicht mehr \u00dcber die Hecken&hellip;<\/p>\n<p class=\"more-link-p\"><a class=\"more-link\" href=\"http:\/\/www.editiondaslabor.de\/blog\/1995\/02\/11\/leise-sagen\/\">Read more &rarr;<\/a><\/p>\n","protected":false},"author":180,"featured_media":75724,"comment_status":"closed","ping_status":"closed","sticky":false,"template":"","format":"standard","meta":{"footnotes":""},"categories":[1],"tags":[2738],"class_list":["post-81703","post","type-post","status-publish","format-standard","has-post-thumbnail","hentry","category-literatur","tag-else-lasker-schueler"],"_links":{"self":[{"href":"http:\/\/www.editiondaslabor.de\/blog\/wp-json\/wp\/v2\/posts\/81703","targetHints":{"allow":["GET"]}}],"collection":[{"href":"http:\/\/www.editiondaslabor.de\/blog\/wp-json\/wp\/v2\/posts"}],"about":[{"href":"http:\/\/www.editiondaslabor.de\/blog\/wp-json\/wp\/v2\/types\/post"}],"author":[{"embeddable":true,"href":"http:\/\/www.editiondaslabor.de\/blog\/wp-json\/wp\/v2\/users\/180"}],"replies":[{"embeddable":true,"href":"http:\/\/www.editiondaslabor.de\/blog\/wp-json\/wp\/v2\/comments?post=81703"}],"version-history":[{"count":0,"href":"http:\/\/www.editiondaslabor.de\/blog\/wp-json\/wp\/v2\/posts\/81703\/revisions"}],"wp:featuredmedia":[{"embeddable":true,"href":"http:\/\/www.editiondaslabor.de\/blog\/wp-json\/"}],"wp:attachment":[{"href":"http:\/\/www.editiondaslabor.de\/blog\/wp-json\/wp\/v2\/media?parent=81703"}],"wp:term":[{"taxonomy":"category","embeddable":true,"href":"http:\/\/www.editiondaslabor.de\/blog\/wp-json\/wp\/v2\/categories?post=81703"},{"taxonomy":"post_tag","embeddable":true,"href":"http:\/\/www.editiondaslabor.de\/blog\/wp-json\/wp\/v2\/tags?post=81703"}],"curies":[{"name":"wp","href":"https:\/\/api.w.org\/{rel}","templated":true}]}}