{"id":81647,"date":"2020-01-22T00:01:28","date_gmt":"2020-01-21T23:01:28","guid":{"rendered":"http:\/\/www.editiondaslabor.de\/blog\/?p=81647"},"modified":"2021-04-03T10:14:00","modified_gmt":"2021-04-03T08:14:00","slug":"dir","status":"publish","type":"post","link":"http:\/\/www.editiondaslabor.de\/blog\/2020\/01\/22\/dir\/","title":{"rendered":"Dir"},"content":{"rendered":"<p>&nbsp;<\/p>\n<p>Drum wein ich,<\/p>\n<p>Da\u00df bei deinem Ku\u00df<\/p>\n<p>Ich so nichts empfinde<\/p>\n<p>Und ins Leere versinken mu\u00df.<\/p>\n<p>Tausend Abgr\u00fcnde<\/p>\n<p>Sind nicht so tief,<\/p>\n<p>Wie diese gro\u00dfe Leere.<\/p>\n<p>Ich sinne im engsten Dunkel der Nacht,<\/p>\n<p>Wie ich dirs ganz leise sage,<\/p>\n<p>Doch ich habe nicht den Mut.<\/p>\n<p>Ich wollte, es k\u00e4me ein S\u00fcdenwind,<\/p>\n<p>Der dirs her\u00fcbertrage,<\/p>\n<p>Damit es nicht gar voll K\u00e4lte kl\u00e4ng<\/p>\n<p>Und er dirs warm in die Seele s\u00e4ng<\/p>\n<p>Kaum merklich durch dein Blut.<\/p>\n<p>&nbsp;<\/p>\n<p>&nbsp;<\/p>\n<p>&nbsp;<\/p>\n<p style=\"text-align: center;\">***<\/p>\n<div id=\"attachment_75724\" style=\"width: 197px\" class=\"wp-caption alignright\"><a href=\"http:\/\/www.editiondaslabor.de\/blog\/wp-content\/uploads\/2009\/03\/Else_Lasker-Schueler.jpg\"><img loading=\"lazy\" decoding=\"async\" aria-describedby=\"caption-attachment-75724\" class=\"size-medium wp-image-75724\" src=\"http:\/\/www.editiondaslabor.de\/blog\/wp-content\/uploads\/2009\/03\/Else_Lasker-Schueler-187x300.jpg\" alt=\"\" width=\"187\" height=\"300\" srcset=\"http:\/\/www.editiondaslabor.de\/blog\/wp-content\/uploads\/2009\/03\/Else_Lasker-Schueler-187x300.jpg 187w, http:\/\/www.editiondaslabor.de\/blog\/wp-content\/uploads\/2009\/03\/Else_Lasker-Schueler-260x417.jpg 260w, http:\/\/www.editiondaslabor.de\/blog\/wp-content\/uploads\/2009\/03\/Else_Lasker-Schueler-160x256.jpg 160w, http:\/\/www.editiondaslabor.de\/blog\/wp-content\/uploads\/2009\/03\/Else_Lasker-Schueler.jpg 440w\" sizes=\"auto, (max-width: 187px) 100vw, 187px\" \/><\/a><p id=\"caption-attachment-75724\" class=\"wp-caption-text\">Else Lasker-Sch\u00fcler aka Prinz Yussuf (1912)<\/p><\/div>\n<div class=\"mod\" lang=\"de-DE\" data-md=\"61\">\n<div class=\"LGOjhe\" style=\"text-align: justify;\" role=\"heading\" data-attrid=\"wa:\/description\" data-hveid=\"CA0QAA\"><span class=\"ILfuVd\"><span class=\"hgKElc\">\u201eDie gr\u00f6\u00dfte Lyrikerin, die Deutschland je hatte\u201c, sagte Gottfried Benn \u00fcber Else Lasker-Sch\u00fcler. Sie bewegte sich wie eine M\u00e4rchenfigur durch Berlin und fiel mit ihrer exzentrischen Erscheinung auf. <\/span><\/span><\/div>\n<div class=\"LGOjhe\" style=\"text-align: justify;\" role=\"heading\" data-attrid=\"wa:\/description\" data-hveid=\"CA0QAA\">Else Lasker-Sch\u00fcler wurde geboren am 11. Februar 1869 in Elberfeld. Sie starb am\u00a022.1.1945 in Jerusalem.<\/div>\n<\/div>\n<p style=\"text-align: justify;\"><strong>Weiterf\u00fchrend\u00a0<\/strong><strong>\u2192\u00a0<\/strong><\/p>\n<p style=\"text-align: justify;\">KUNO w\u00fcrdigte die Poetin mit einem <a href=\"http:\/\/www.editiondaslabor.de\/blog\/?p=80975\">Rezensionsessay<\/a>.\u00a0Poesie z\u00e4hlt f\u00fcr die <em>Kulturnotizen<\/em> weiterhin zu den wichtigsten identit\u00e4ts- und identifikationstiftenden Elementen einer Kultur, dies bezeugte auch der Versuch einer <a href=\"http:\/\/www.editiondaslabor.de\/blog\/?p=25630\">poetologischen Positionsbestimmung<\/a>.<\/p>\n","protected":false},"excerpt":{"rendered":"<p>&nbsp; Drum wein ich, Da\u00df bei deinem Ku\u00df Ich so nichts empfinde Und ins Leere versinken mu\u00df. Tausend Abgr\u00fcnde Sind nicht so tief, Wie diese gro\u00dfe Leere. Ich sinne im engsten Dunkel der Nacht, Wie ich dirs ganz leise sage,&hellip;<\/p>\n<p class=\"more-link-p\"><a class=\"more-link\" href=\"http:\/\/www.editiondaslabor.de\/blog\/2020\/01\/22\/dir\/\">Read more &rarr;<\/a><\/p>\n","protected":false},"author":180,"featured_media":75724,"comment_status":"closed","ping_status":"closed","sticky":false,"template":"","format":"standard","meta":{"footnotes":""},"categories":[1],"tags":[2738],"class_list":["post-81647","post","type-post","status-publish","format-standard","has-post-thumbnail","hentry","category-literatur","tag-else-lasker-schueler"],"_links":{"self":[{"href":"http:\/\/www.editiondaslabor.de\/blog\/wp-json\/wp\/v2\/posts\/81647","targetHints":{"allow":["GET"]}}],"collection":[{"href":"http:\/\/www.editiondaslabor.de\/blog\/wp-json\/wp\/v2\/posts"}],"about":[{"href":"http:\/\/www.editiondaslabor.de\/blog\/wp-json\/wp\/v2\/types\/post"}],"author":[{"embeddable":true,"href":"http:\/\/www.editiondaslabor.de\/blog\/wp-json\/wp\/v2\/users\/180"}],"replies":[{"embeddable":true,"href":"http:\/\/www.editiondaslabor.de\/blog\/wp-json\/wp\/v2\/comments?post=81647"}],"version-history":[{"count":0,"href":"http:\/\/www.editiondaslabor.de\/blog\/wp-json\/wp\/v2\/posts\/81647\/revisions"}],"wp:featuredmedia":[{"embeddable":true,"href":"http:\/\/www.editiondaslabor.de\/blog\/wp-json\/"}],"wp:attachment":[{"href":"http:\/\/www.editiondaslabor.de\/blog\/wp-json\/wp\/v2\/media?parent=81647"}],"wp:term":[{"taxonomy":"category","embeddable":true,"href":"http:\/\/www.editiondaslabor.de\/blog\/wp-json\/wp\/v2\/categories?post=81647"},{"taxonomy":"post_tag","embeddable":true,"href":"http:\/\/www.editiondaslabor.de\/blog\/wp-json\/wp\/v2\/tags?post=81647"}],"curies":[{"name":"wp","href":"https:\/\/api.w.org\/{rel}","templated":true}]}}